{"id":23265,"date":"2025-07-03T15:59:17","date_gmt":"2025-07-03T13:59:17","guid":{"rendered":"http:\/\/earthguardian.earth\/?p=23265"},"modified":"2025-10-24T13:14:22","modified_gmt":"2025-10-24T11:14:22","slug":"co%e2%82%82-la-tecnologia-lo-arregla-o-no","status":"publish","type":"post","link":"https:\/\/earthguardian.earth\/es\/co%e2%82%82-la-tecnologia-lo-arregla-o-no\/","title":{"rendered":"CO\u2082 \u2013 \u00bfLa tecnolog\u00eda lo puede solucionar, o no?"},"content":{"rendered":"<h1><strong>\u00a1\u2013 Un chequeo de la realidad!<\/strong><\/h1>\n<h2 class=\"mb-xs mt-5 text-base font-[500] first:mt-0 dark:font-[475]\">\u00bfLa brutal verdad?<\/h2>\n<p class=\"my-0\">Las \u201csoluciones\u201d disponibles son en su mayor\u00eda castillos en el aire costosos, con efectos secundarios catastr\u00f3ficos ante las gigantescas emisiones globales.<br \/>\n<strong>Cifras mundiales impactantes 2024:<\/strong><br \/>\nLas emisiones globales de CO\u2082 alcanzaron en 2024 un nuevo r\u00e9cord de 41,6 mil millones de toneladas.Las emisiones f\u00f3siles aumentaron otro 0,8% hasta 37,4 mil millones de toneladas, m\u00e1s 4,2 mil millones de toneladas por cambios en el uso del suelo. No hay se\u00f1ales de un pico en las emisiones f\u00f3siles de CO\u2082, aunque deber\u00edamos reducir 1,6 gigatoneladas al a\u00f1o para alcanzar la neutralidad en 2050.<\/p>\n<h2 class=\"my-0\"><strong>La acidificaci\u00f3n oce\u00e1nica se acelera dram\u00e1ticamente:<\/strong><\/h2>\n<p class=\"my-0\"><span>El pH global de la superficie marina baj\u00f3 de 8,11 en 1985 a 8,04 en 2024\u2014un aumento del 18% en acidez. La concentraci\u00f3n atmosf\u00e9rica de CO\u2082 alcanz\u00f3 422,5 ppm, un 50% m\u00e1s que antes de la industrializaci\u00f3n.<\/span><\/p>\n<h3 class=\"mb-xs mt-5 text-base font-[500] first:mt-0 dark:font-[475]\">\u00bfCCS salva al mundo?<\/h3>\n<p class=\"my-0\"><span>CCS (Captura y Almacenamiento de Carbono) suena bien, \u00bfverdad?<\/span><\/p>\n<p class=\"my-0\"><strong>Realidad CCS mundial: Capacidades rid\u00edculamente peque\u00f1as frente a emisiones gigantescas<\/strong><br \/>\nEl balance de la Captura y Almacenamiento de Carbono muestra el fracaso total:<\/p>\n<ul class=\"marker:text-textOff list-disc\">\n<li>\n<p class=\"my-0\">Solo 50 plantas CCS en operaci\u00f3n en todo el mundo (2024)<\/p>\n<\/li>\n<li>\n<p class=\"my-0\">44 m\u00e1s en construcci\u00f3n<\/p>\n<\/li>\n<li>\n<p class=\"my-0\">Capacidad total de todas las plantas: 45 millones de toneladas de CO\u2082 al a\u00f1o<\/p>\n<\/li>\n<li>\n<p class=\"my-0\">Eso es solo el 0,1% de las emisiones globales de 41,6 mil millones de toneladas<\/p>\n<\/li>\n<\/ul>\n<p class=\"my-0\">Las cifras son a\u00fan m\u00e1s deprimentes: hay 628 proyectos de tuber\u00edas planeados\u2014un aumento del 60% respecto al a\u00f1o anterior. Para 2030, se espera que funcionen plantas con 50 millones de toneladas de capacidad, y otras 377 millones en planificaci\u00f3n. <strong>Ni siquiera alcanza el 1% de las emisiones actuales.<\/strong><\/p>\n<p class=\"my-0\"><span>La tasa de fracaso es alarmante: Seg\u00fan IEEFA, tres proyectos CCS fracasaron completamente y cinco m\u00e1s rinden muy por debajo de lo esperado. El proyecto Gorgon en Australia logr\u00f3 solo el 50% de sus objetivos en los primeros cinco a\u00f1os y cost\u00f3 m\u00e1s de 3.000 millones de d\u00f3lares.<\/span><\/p>\n<h3 class=\"mb-xs mt-5 text-base font-[500] first:mt-0 dark:font-[475]\">\u00bfY qu\u00e9 pasa con CDA?<\/h3>\n<p class=\"my-0\">(Captura Directa de Aire) El CO\u2082 se extrae directamente del aire ambiente.<\/p>\n<p class=\"my-0\"><strong>Realidad: Gotas min\u00fasculas en el oc\u00e9ano<\/strong><br \/>\nLa realidad de la Captura Directa de Aire es a\u00fan m\u00e1s desalentadora:<\/p>\n<ul class=\"marker:text-textOff list-disc\">\n<li>\n<p class=\"my-0\">Solo 130 plantas CDA en el mundo en diferentes etapas (2024)<\/p>\n<\/li>\n<li>\n<p class=\"my-0\">Capacidad total actual: unas 0,04 millones de toneladas de CO\u2082 al a\u00f1o<\/p>\n<ul class=\"marker:text-textOff list-disc\">\n<li>\n<p class=\"my-0\">Eso es el 0,0001% de las emisiones globales<br \/>\n&#8220;Mammoth&#8221; de Climeworks\u2014la mayor planta DAC del mundo\u2014capta solo 36.000 toneladas al a\u00f1o, lo que equivale a 2,4 segundos de emisiones globales. Para 2030 se prev\u00e9 un &#8220;boom&#8221; hasta 65 millones de toneladas\u2014todav\u00eda solo el 0,16% de las emisiones globales actuales.<\/p>\n<\/li>\n<\/ul>\n<\/li>\n<\/ul>\n<p class=\"my-0\"><span>El desastre de costes contin\u00faa: CDA sigue costando 1.000\u20131.300 d\u00f3lares por tonelada. El mercado global CDA alcanz\u00f3 solo 65,88 millones de d\u00f3lares en 2024 &#8211; una broma frente a los billones necesarios.<\/span><\/p>\n<h3 class=\"mb-xs mt-5 text-base font-[500] first:mt-0 dark:font-[475]\">Pero tambi\u00e9n existe\u2026<\/h3>\n<p class=\"my-0\"><span>BECCS (Bioenerg\u00eda con Captura y Almacenamiento de Carbono):<\/span><br \/>\n<span>Una combinaci\u00f3n de biomasa para energ\u00eda con CCS.<\/span><\/p>\n<p class=\"my-0\"><strong>Capacidades limitadas y hambre de tierra enorme<\/strong><\/p>\n<p class=\"my-0\">La bioenerg\u00eda con almacenamiento de CO\u2082 tambi\u00e9n es marginal:<\/p>\n<ul class=\"marker:text-textOff list-disc\">\n<li>\n<p class=\"my-0\">Capacidad global actual: 2 millones de toneladas de CO\u2082 al a\u00f1o (2024)<\/p>\n<\/li>\n<li>\n<p class=\"my-0\">Capacidad prevista para 2030: 60 millones de toneladas<\/p>\n<\/li>\n<li>\n<p class=\"my-0\">M\u00e1ximo IPCC: 5 mil millones de toneladas\u2014pero requerir\u00eda un sexto de la superficie agr\u00edcola mundial<\/p>\n<\/li>\n<\/ul>\n<p class=\"my-0\">Incluso con la implementaci\u00f3n optimista de todos los proyectos BECCS, solo se podr\u00eda capturar el 12% de las emisiones globales.<\/p>\n<h2 class=\"mb-xs mt-5 text-base font-[500] first:mt-0 dark:font-[475]\">Geoingenier\u00eda marina: experimentos peligrosos a peque\u00f1a escala<\/h2>\n<p class=\"my-0\">Las &#8220;soluciones&#8221; oce\u00e1nicas son a\u00fan m\u00e1s experimentales:<\/p>\n<ul class=\"marker:text-textOff list-disc\">\n<li>\n<p class=\"my-0\">Ocean Alkalinity Enhancement: Google y Carbon to Sea solo financian estudios de modelado<\/p>\n<\/li>\n<li>\n<p class=\"my-0\">Primeros proyectos piloto comerciales: capacidades m\u00ednimas de miles de toneladas<\/p>\n<\/li>\n<li>\n<p class=\"my-0\">La Organizaci\u00f3n Mar\u00edtima Internacional (OMI) advierte sobre &#8220;impactos y riesgos significativos para los ecosistemas marinos&#8221;<\/p>\n<\/li>\n<\/ul>\n<h3 class=\"mb-xs mt-5 text-base font-[500] first:mt-0 dark:font-[475]\">La matem\u00e1tica brutal: Por qu\u00e9 nada funciona<\/h3>\n<p class=\"my-0\">Para almacenar 41,6 mil millones de toneladas de CO\u2082 al a\u00f1o, necesitar\u00edamos:<\/p>\n<ul class=\"marker:text-textOff list-disc\">\n<li>\n<p class=\"my-0\">920 veces la capacidad actual de CCS<\/p>\n<\/li>\n<li>\n<p class=\"my-0\">1.000.000 veces la capacidad actual de DAC<\/p>\n<\/li>\n<li>\n<p class=\"my-0\">Convertir un sexto de la superficie agr\u00edcola mundial para BECCS<\/p>\n<\/li>\n<\/ul>\n<p class=\"my-0\"><span>Los costes son astron\u00f3micos: a solo 100 euros por tonelada, resultan 4,16 billones de euros al a\u00f1o\u2014m\u00e1s que el PIB de Alemania. Solo en Europa, el coste de los 200 proyectos CCS previstos se estima en 520.000 millones de euros, de los cuales 140.000 millones los pagar\u00edan los contribuyentes.<\/span><\/p>\n<p class=\"my-0\">\u00a0<img loading=\"lazy\" decoding=\"async\" class=\"myresponsive aligncenter wp-image-23259 size-full\" title=\"Realit\u00e4t\" src=\"https:\/\/earthguardian.earth\/wp-content\/uploads\/2025\/07\/Realitaet.jpg\" alt=\"Realit\u00e4t\" width=\"1200\" height=\"800\" srcset=\"https:\/\/earthguardian.earth\/wp-content\/uploads\/2025\/07\/Realitaet.jpg 1200w, https:\/\/earthguardian.earth\/wp-content\/uploads\/2025\/07\/Realitaet-300x200.jpg 300w, https:\/\/earthguardian.earth\/wp-content\/uploads\/2025\/07\/Realitaet-1024x683.jpg 1024w, https:\/\/earthguardian.earth\/wp-content\/uploads\/2025\/07\/Realitaet-200x133.jpg 200w, https:\/\/earthguardian.earth\/wp-content\/uploads\/2025\/07\/Realitaet-600x400.jpg 600w\" sizes=\"auto, (max-width: 1200px) 100vw, 1200px\" \/><\/p>\n<h2 class=\"mb-xs mt-5 text-base font-[500] first:mt-0 dark:font-[475]\">La cat\u00e1strofe oce\u00e1nica se acelera<\/h2>\n<p class=\"my-0\">Mientras fantaseamos con soluciones t\u00e9cnicas, el ecosistema colapsa:<\/p>\n<ul class=\"marker:text-textOff list-disc\">\n<li>\n<p class=\"my-0\">El pH baj\u00f3 0,07 puntos en 40 a\u00f1os\u2014un 18% m\u00e1s de acidez<\/p>\n<\/li>\n<li>\n<p class=\"my-0\">La tasa de acidificaci\u00f3n se ha duplicado en 20 a\u00f1os<\/p>\n<\/li>\n<li>\n<p class=\"my-0\">Los oc\u00e9anos son hoy m\u00e1s \u00e1cidos que en los \u00faltimos 20 millones de a\u00f1os<\/p>\n<\/li>\n<li>\n<p class=\"my-0\">El 90% del calor extra es absorbido por los oc\u00e9anos<\/p>\n<\/li>\n<\/ul>\n<h3 class=\"mb-xs mt-5 text-base font-[500] first:mt-0 dark:font-[475]\">Diferencias regionales: \u00bfQui\u00e9n hace qu\u00e9?<\/h3>\n<p class=\"my-0\">Europa lidera la autoenga\u00f1o:<\/p>\n<ul class=\"marker:text-textOff list-disc\">\n<li>\n<p class=\"my-0\">200 proyectos CCS previstos con un coste de 520.000 millones de euros<\/p>\n<\/li>\n<li>\n<p class=\"my-0\">140.000 millones de euros de dinero p\u00fablico para una tecnolog\u00eda con un 90% de fracaso<\/p>\n<\/li>\n<\/ul>\n<p class=\"my-0\">EE.UU. apuesta por fantas\u00edas CAD:<\/p>\n<ul class=\"marker:text-textOff list-disc\">\n<li>\n<p class=\"my-0\">3.500 millones de d\u00f3lares para dos hubs CAD con 2 millones de toneladas de capacidad<\/p>\n<\/li>\n<li>\n<p class=\"my-0\">Eso es el 0,005% de las emisiones globales<\/p>\n<\/li>\n<\/ul>\n<p class=\"my-0\">China e India: las emisiones siguen subiendo (+0,2% y +4,6%), mientras solo lanzan proyectos CCS marginales.<\/p>\n<h3 class=\"mb-xs mt-5 text-base font-[500] first:mt-0 dark:font-[475]\">Por qu\u00e9 estas &#8220;soluciones&#8221; son una mala broma<\/h3>\n<ol class=\"marker:text-textOff list-decimal\">\n<li>\n<p class=\"my-0\"><strong>Dimensiones gigantescas sin realismo<\/strong><br \/>\n<span>La capacidad global de CCS tendr\u00eda que crecer por 1.000. Eso significa construir miles de plantas nuevas a un ritmo sin precedentes &#8211; f\u00edsicamente imposible.<\/span><\/p>\n<\/li>\n<li>\n<p class=\"my-0\"><strong>90% de fracaso<\/strong><br \/>\nEl 88% de los proyectos CCS fracasan. Las pocas plantas que funcionan solo logran una fracci\u00f3n de sus objetivos.<\/p>\n<\/li>\n<li>\n<p class=\"my-0\"><strong>Costes impagables<\/strong><br \/>\n4,16 billones de euros anuales superan cualquier viabilidad financiera. Es m\u00e1s que el PIB de toda la UE.<\/p>\n<\/li>\n<li>\n<p class=\"my-0\"><strong>Demasiado lento para la crisis clim\u00e1tica<\/strong><br \/>\nLa expansi\u00f3n llevar\u00eda d\u00e9cadas, pero las emisiones crecen m\u00e1s r\u00e1pido que la capacidad de almacenamiento.<\/p>\n<\/li>\n<li>\n<p class=\"my-0\"><strong>Paradoja energ\u00e9tica<\/strong><br \/>\nLas plantas DAC consumen el 1,4% de la electricidad alemana para solo 20 millones de toneladas\u2014para 41,6 mil millones de toneladas globales, la demanda ser\u00eda astron\u00f3mica.<\/p>\n<\/li>\n<\/ol>\n<h3 class=\"mb-xs mt-5 text-base font-[500] first:mt-0 dark:font-[475]\">Regulaci\u00f3n internacional: por fin realismo<\/h3>\n<p><span>La Organizaci\u00f3n Mar\u00edtima Internacional (OMI) estudia regular m\u00e1s estrictamente las t\u00e9cnicas de geoingenier\u00eda marina. El motivo: \u201cDudas considerables sobre la eficacia\u201d y riesgos masivos para los ecosistemas marinos<\/span><span>\u00a0<\/span><\/p>\n<h2 class=\"mb-xs mt-5 text-base font-[500] first:mt-0 dark:font-[475]\">La brutal verdad: contenci\u00f3n de da\u00f1os, no curaci\u00f3n<\/h2>\n<p>Ya no se trata de curar, sino de contener da\u00f1os. Las &#8220;soluciones&#8221; t\u00e9cnicas disponibles son:<\/p>\n<ul class=\"marker:text-textOff list-disc\">\n<li>\n<p class=\"my-0\">Experimentales y arriesgadas\u2014el 90% fracasa<\/p>\n<\/li>\n<li>\n<p class=\"my-0\">Solo m\u00ednimamente eficaces\u2014m\u00e1ximo el 0,1% de las emisiones<\/p>\n<\/li>\n<li>\n<p class=\"my-0\">Extremadamente caras y complejas\u2014billones para efectos marginales<\/p>\n<\/li>\n<li>Posiblemente m\u00e1s da\u00f1inas que \u00fatiles\u2014incluido el colapso de ecosistemas<\/li>\n<\/ul>\n<h3 class=\"mb-xs mt-5 text-base font-[500] first:mt-0 dark:font-[475]\">Conclusi\u00f3n: la matem\u00e1tica es implacable<\/h3>\n<p class=\"my-0\">Las cifras globales son una bofetada para cualquier tecno-optimista:<\/p>\n<ul class=\"marker:text-textOff list-disc\">\n<li>\n<p class=\"my-0\">Todas las tecnolog\u00edas de almacenamiento de CO\u2082 juntas logran menos del 0,2% de las emisiones globales<\/p>\n<\/li>\n<li>\n<p class=\"my-0\">Multiplicar por 1.000 llevar\u00eda d\u00e9cadas y costar\u00eda billones<\/p>\n<\/li>\n<li>Las emisiones crecen m\u00e1s r\u00e1pido que la capacidad de almacenamiento<\/li>\n<\/ul>\n<p class=\"my-0\"><strong>La \u00fanica respuesta honesta: En vez de almacenar 41,6 mil millones de toneladas, debemos detener las emisiones en la fuente.<\/strong><\/p>\n<p class=\"my-0\">La tecnolog\u00eda es, en el mejor de los casos, una costosa cortina de humo para procesos inevitables\u2014no la soluci\u00f3n al fracaso de la humanidad en la protecci\u00f3n clim\u00e1tica.<\/p>\n<p class=\"my-0\">Francesco del Orbe, Guardi\u00e1n de la Tierra, lo dice claro: Los n\u00fameros no mienten\u2014ya hemos perdido la Tierra mientras so\u00f1amos con milagros t\u00e9cnicos que nunca funcionar\u00e1n.<\/p>\n<p class=\"my-0\"><em>El autor: Francesco del Orbe<\/em><\/p>\n","protected":false},"excerpt":{"rendered":"<p>\u00a1\u2013 Un chequeo de la realidad! \u00bfLa brutal verdad? Las \u201csoluciones\u201d disponibles son en su mayor\u00eda castillos en el aire costosos, con efectos secundarios catastr\u00f3ficos ante las gigantescas emisiones globales. Cifras mundiales impactantes 2024: Las emisiones globales de CO\u2082 alcanzaron en 2024 un nuevo r\u00e9cord de 41,6 mil millones de toneladas.Las emisiones f\u00f3siles aumentaron otro&#8230;<\/p>\n","protected":false},"author":54,"featured_media":23258,"comment_status":"closed","ping_status":"closed","sticky":false,"template":"","format":"standard","meta":{"_acf_changed":false,"inline_featured_image":false,"footnotes":""},"categories":[186],"tags":[292,303,312,299,301,291,302,298,290,288,311,293,300,306,305,213,304,297],"class_list":["post-23265","post","type-post","status-publish","format-standard","has-post-thumbnail","hentry","category-clima-y-medio-ambiente","tag-action-climatica","tag-agricultura","tag-agricultura-regenerativa","tag-biodiversidad","tag-cambio-climatica","tag-carbonneutral-es","tag-ecosistema","tag-fijacion-de-co2","tag-francesco-del-orbe-es","tag-fresopolis-es","tag-granja-climatica-es","tag-guardian-de-la-tierra","tag-microclimatica","tag-plantar","tag-proteccion-del-clima","tag-sostenibilidad","tag-sostenible-es","tag-tierra-sana"],"acf":[],"yoast_head":"<!-- This site is optimized with the Yoast SEO plugin v26.3 - https:\/\/yoast.com\/wordpress\/plugins\/seo\/ -->\n<title>CO\u2082 \u2013 \u00bfLa tecnolog\u00eda lo puede solucionar, o no?<\/title>\n<meta name=\"description\" content=\"Las &quot;soluciones&quot; disponibles son en su mayor\u00eda castillos en el aire costosos, con efectos secundarios catastr\u00f3ficos ante las gigantescas emisiones globales.\" \/>\n<meta name=\"robots\" content=\"index, follow, max-snippet:-1, max-image-preview:large, max-video-preview:-1\" \/>\n<link rel=\"canonical\" href=\"https:\/\/earthguardian.earth\/es\/co%e2%82%82-la-tecnologia-lo-arregla-o-no\/\" \/>\n<meta property=\"og:locale\" content=\"es_ES\" \/>\n<meta property=\"og:type\" content=\"article\" \/>\n<meta property=\"og:title\" content=\"CO\u2082 \u2013 \u00bfLa tecnolog\u00eda lo puede solucionar, o no?\" \/>\n<meta property=\"og:description\" content=\"Las &quot;soluciones&quot; disponibles son en su mayor\u00eda castillos en el aire costosos, con efectos secundarios catastr\u00f3ficos ante las gigantescas emisiones globales.\" \/>\n<meta property=\"og:url\" content=\"https:\/\/earthguardian.earth\/es\/co%e2%82%82-la-tecnologia-lo-arregla-o-no\/\" \/>\n<meta property=\"og:site_name\" content=\"Earth Guardian\" \/>\n<meta property=\"article:publisher\" content=\"https:\/\/www.facebook.com\/Fresopolis.Mallorca\" \/>\n<meta property=\"article:published_time\" content=\"2025-07-03T13:59:17+00:00\" \/>\n<meta property=\"article:modified_time\" content=\"2025-10-24T11:14:22+00:00\" \/>\n<meta property=\"og:image\" content=\"https:\/\/earthguardian.earth\/wp-content\/uploads\/2025\/07\/Tech-Loesungen-Titelbild.jpg\" \/>\n\t<meta property=\"og:image:width\" content=\"1200\" \/>\n\t<meta property=\"og:image:height\" content=\"800\" \/>\n\t<meta property=\"og:image:type\" content=\"image\/jpeg\" \/>\n<meta name=\"author\" content=\"Francesco del Orbe\" \/>\n<meta name=\"twitter:card\" content=\"summary_large_image\" \/>\n<meta name=\"twitter:label1\" content=\"Escrito por\" \/>\n\t<meta name=\"twitter:data1\" content=\"Francesco del Orbe\" \/>\n\t<meta name=\"twitter:label2\" content=\"Tiempo de lectura\" \/>\n\t<meta name=\"twitter:data2\" content=\"6 minutos\" \/>\n<script type=\"application\/ld+json\" class=\"yoast-schema-graph\">{\"@context\":\"https:\/\/schema.org\",\"@graph\":[{\"@type\":\"Article\",\"@id\":\"https:\/\/earthguardian.earth\/es\/co%e2%82%82-la-tecnologia-lo-arregla-o-no\/#article\",\"isPartOf\":{\"@id\":\"https:\/\/earthguardian.earth\/es\/co%e2%82%82-la-tecnologia-lo-arregla-o-no\/\"},\"author\":{\"name\":\"Francesco del Orbe\",\"@id\":\"https:\/\/earthguardian.earth\/es\/#\/schema\/person\/a0a06f80af0ac1c434b44c9289f327ff\"},\"headline\":\"CO\u2082 \u2013 \u00bfLa tecnolog\u00eda lo puede solucionar, o no?\",\"datePublished\":\"2025-07-03T13:59:17+00:00\",\"dateModified\":\"2025-10-24T11:14:22+00:00\",\"mainEntityOfPage\":{\"@id\":\"https:\/\/earthguardian.earth\/es\/co%e2%82%82-la-tecnologia-lo-arregla-o-no\/\"},\"wordCount\":1246,\"publisher\":{\"@id\":\"https:\/\/earthguardian.earth\/es\/#organization\"},\"image\":{\"@id\":\"https:\/\/earthguardian.earth\/es\/co%e2%82%82-la-tecnologia-lo-arregla-o-no\/#primaryimage\"},\"thumbnailUrl\":\"https:\/\/earthguardian.earth\/wp-content\/uploads\/2025\/07\/Tech-Loesungen-Titelbild.jpg\",\"keywords\":[\"acti\u00f3n clim\u00e1tica\",\"agricultura\",\"agricultura regenerativa\",\"biodiversidad\",\"cambio clim\u00e1tica\",\"carbonneutral\",\"ecosistema\",\"fijaci\u00f3n de co2\",\"francesco del orbe\",\"fresopolis\",\"granja clim\u00e1tica\",\"guardi\u00e1n de la tierra\",\"microclim\u00e1tica\",\"plantar\",\"protecci\u00f3n del clima\",\"sostenibilidad\",\"sostenible\",\"tierra sana\"],\"articleSection\":[\"Clima y medio ambiente\"],\"inLanguage\":\"es\"},{\"@type\":\"WebPage\",\"@id\":\"https:\/\/earthguardian.earth\/es\/co%e2%82%82-la-tecnologia-lo-arregla-o-no\/\",\"url\":\"https:\/\/earthguardian.earth\/es\/co%e2%82%82-la-tecnologia-lo-arregla-o-no\/\",\"name\":\"CO\u2082 \u2013 \u00bfLa tecnolog\u00eda lo puede solucionar, o no?\",\"isPartOf\":{\"@id\":\"https:\/\/earthguardian.earth\/es\/#website\"},\"primaryImageOfPage\":{\"@id\":\"https:\/\/earthguardian.earth\/es\/co%e2%82%82-la-tecnologia-lo-arregla-o-no\/#primaryimage\"},\"image\":{\"@id\":\"https:\/\/earthguardian.earth\/es\/co%e2%82%82-la-tecnologia-lo-arregla-o-no\/#primaryimage\"},\"thumbnailUrl\":\"https:\/\/earthguardian.earth\/wp-content\/uploads\/2025\/07\/Tech-Loesungen-Titelbild.jpg\",\"datePublished\":\"2025-07-03T13:59:17+00:00\",\"dateModified\":\"2025-10-24T11:14:22+00:00\",\"description\":\"Las \\\"soluciones\\\" disponibles son en su mayor\u00eda castillos en el aire costosos, con efectos secundarios catastr\u00f3ficos ante las gigantescas emisiones globales.\",\"breadcrumb\":{\"@id\":\"https:\/\/earthguardian.earth\/es\/co%e2%82%82-la-tecnologia-lo-arregla-o-no\/#breadcrumb\"},\"inLanguage\":\"es\",\"potentialAction\":[{\"@type\":\"ReadAction\",\"target\":[\"https:\/\/earthguardian.earth\/es\/co%e2%82%82-la-tecnologia-lo-arregla-o-no\/\"]}]},{\"@type\":\"ImageObject\",\"inLanguage\":\"es\",\"@id\":\"https:\/\/earthguardian.earth\/es\/co%e2%82%82-la-tecnologia-lo-arregla-o-no\/#primaryimage\",\"url\":\"https:\/\/earthguardian.earth\/wp-content\/uploads\/2025\/07\/Tech-Loesungen-Titelbild.jpg\",\"contentUrl\":\"https:\/\/earthguardian.earth\/wp-content\/uploads\/2025\/07\/Tech-Loesungen-Titelbild.jpg\",\"width\":1200,\"height\":800,\"caption\":\"die Technik regelt das\"},{\"@type\":\"BreadcrumbList\",\"@id\":\"https:\/\/earthguardian.earth\/es\/co%e2%82%82-la-tecnologia-lo-arregla-o-no\/#breadcrumb\",\"itemListElement\":[{\"@type\":\"ListItem\",\"position\":1,\"name\":\"Home\",\"item\":\"https:\/\/earthguardian.earth\/es\/\"},{\"@type\":\"ListItem\",\"position\":2,\"name\":\"CO\u2082 \u2013 \u00bfLa tecnolog\u00eda lo puede solucionar, o no?\"}]},{\"@type\":\"WebSite\",\"@id\":\"https:\/\/earthguardian.earth\/es\/#website\",\"url\":\"https:\/\/earthguardian.earth\/es\/\",\"name\":\"Earth Guardian\",\"description\":\"\",\"publisher\":{\"@id\":\"https:\/\/earthguardian.earth\/es\/#organization\"},\"potentialAction\":[{\"@type\":\"SearchAction\",\"target\":{\"@type\":\"EntryPoint\",\"urlTemplate\":\"https:\/\/earthguardian.earth\/es\/?s={search_term_string}\"},\"query-input\":{\"@type\":\"PropertyValueSpecification\",\"valueRequired\":true,\"valueName\":\"search_term_string\"}}],\"inLanguage\":\"es\"},{\"@type\":\"Organization\",\"@id\":\"https:\/\/earthguardian.earth\/es\/#organization\",\"name\":\"Earthguardian\",\"alternateName\":\"Earthguardian Earth\",\"url\":\"https:\/\/earthguardian.earth\/es\/\",\"logo\":{\"@type\":\"ImageObject\",\"inLanguage\":\"es\",\"@id\":\"https:\/\/earthguardian.earth\/es\/#\/schema\/logo\/image\/\",\"url\":\"https:\/\/earthguardian.earth\/wp-content\/uploads\/2025\/09\/Logo-stacked.svg\",\"contentUrl\":\"https:\/\/earthguardian.earth\/wp-content\/uploads\/2025\/09\/Logo-stacked.svg\",\"width\":\"1024\",\"height\":\"1024\",\"caption\":\"Earthguardian\"},\"image\":{\"@id\":\"https:\/\/earthguardian.earth\/es\/#\/schema\/logo\/image\/\"},\"sameAs\":[\"https:\/\/www.facebook.com\/Fresopolis.Mallorca\",\"https:\/\/www.instagram.com\/fresopolis.mallorca\/\",\"https:\/\/www.youtube.com\/channel\/UCu9D6GxBDXUImkm7dihPyvg\"]},{\"@type\":\"Person\",\"@id\":\"https:\/\/earthguardian.earth\/es\/#\/schema\/person\/a0a06f80af0ac1c434b44c9289f327ff\",\"name\":\"Francesco del Orbe\",\"image\":{\"@type\":\"ImageObject\",\"inLanguage\":\"es\",\"@id\":\"https:\/\/earthguardian.earth\/es\/#\/schema\/person\/image\/\",\"url\":\"https:\/\/earthguardian.earth\/wp-content\/uploads\/2025\/10\/Francesco-del-Orbe-02-150x150.png\",\"contentUrl\":\"https:\/\/earthguardian.earth\/wp-content\/uploads\/2025\/10\/Francesco-del-Orbe-02-150x150.png\",\"caption\":\"Francesco del Orbe\"},\"url\":\"https:\/\/earthguardian.earth\/es\/author\/ufdelorbe\/\"}]}<\/script>\n<!-- \/ Yoast SEO plugin. -->","yoast_head_json":{"title":"CO\u2082 \u2013 \u00bfLa tecnolog\u00eda lo puede solucionar, o no?","description":"Las \"soluciones\" disponibles son en su mayor\u00eda castillos en el aire costosos, con efectos secundarios catastr\u00f3ficos ante las gigantescas emisiones globales.","robots":{"index":"index","follow":"follow","max-snippet":"max-snippet:-1","max-image-preview":"max-image-preview:large","max-video-preview":"max-video-preview:-1"},"canonical":"https:\/\/earthguardian.earth\/es\/co%e2%82%82-la-tecnologia-lo-arregla-o-no\/","og_locale":"es_ES","og_type":"article","og_title":"CO\u2082 \u2013 \u00bfLa tecnolog\u00eda lo puede solucionar, o no?","og_description":"Las \"soluciones\" disponibles son en su mayor\u00eda castillos en el aire costosos, con efectos secundarios catastr\u00f3ficos ante las gigantescas emisiones globales.","og_url":"https:\/\/earthguardian.earth\/es\/co%e2%82%82-la-tecnologia-lo-arregla-o-no\/","og_site_name":"Earth Guardian","article_publisher":"https:\/\/www.facebook.com\/Fresopolis.Mallorca","article_published_time":"2025-07-03T13:59:17+00:00","article_modified_time":"2025-10-24T11:14:22+00:00","og_image":[{"width":1200,"height":800,"url":"https:\/\/earthguardian.earth\/wp-content\/uploads\/2025\/07\/Tech-Loesungen-Titelbild.jpg","type":"image\/jpeg"}],"author":"Francesco del Orbe","twitter_card":"summary_large_image","twitter_misc":{"Escrito por":"Francesco del Orbe","Tiempo de lectura":"6 minutos"},"schema":{"@context":"https:\/\/schema.org","@graph":[{"@type":"Article","@id":"https:\/\/earthguardian.earth\/es\/co%e2%82%82-la-tecnologia-lo-arregla-o-no\/#article","isPartOf":{"@id":"https:\/\/earthguardian.earth\/es\/co%e2%82%82-la-tecnologia-lo-arregla-o-no\/"},"author":{"name":"Francesco del Orbe","@id":"https:\/\/earthguardian.earth\/es\/#\/schema\/person\/a0a06f80af0ac1c434b44c9289f327ff"},"headline":"CO\u2082 \u2013 \u00bfLa tecnolog\u00eda lo puede solucionar, o no?","datePublished":"2025-07-03T13:59:17+00:00","dateModified":"2025-10-24T11:14:22+00:00","mainEntityOfPage":{"@id":"https:\/\/earthguardian.earth\/es\/co%e2%82%82-la-tecnologia-lo-arregla-o-no\/"},"wordCount":1246,"publisher":{"@id":"https:\/\/earthguardian.earth\/es\/#organization"},"image":{"@id":"https:\/\/earthguardian.earth\/es\/co%e2%82%82-la-tecnologia-lo-arregla-o-no\/#primaryimage"},"thumbnailUrl":"https:\/\/earthguardian.earth\/wp-content\/uploads\/2025\/07\/Tech-Loesungen-Titelbild.jpg","keywords":["acti\u00f3n clim\u00e1tica","agricultura","agricultura regenerativa","biodiversidad","cambio clim\u00e1tica","carbonneutral","ecosistema","fijaci\u00f3n de co2","francesco del orbe","fresopolis","granja clim\u00e1tica","guardi\u00e1n de la tierra","microclim\u00e1tica","plantar","protecci\u00f3n del clima","sostenibilidad","sostenible","tierra sana"],"articleSection":["Clima y medio ambiente"],"inLanguage":"es"},{"@type":"WebPage","@id":"https:\/\/earthguardian.earth\/es\/co%e2%82%82-la-tecnologia-lo-arregla-o-no\/","url":"https:\/\/earthguardian.earth\/es\/co%e2%82%82-la-tecnologia-lo-arregla-o-no\/","name":"CO\u2082 \u2013 \u00bfLa tecnolog\u00eda lo puede solucionar, o no?","isPartOf":{"@id":"https:\/\/earthguardian.earth\/es\/#website"},"primaryImageOfPage":{"@id":"https:\/\/earthguardian.earth\/es\/co%e2%82%82-la-tecnologia-lo-arregla-o-no\/#primaryimage"},"image":{"@id":"https:\/\/earthguardian.earth\/es\/co%e2%82%82-la-tecnologia-lo-arregla-o-no\/#primaryimage"},"thumbnailUrl":"https:\/\/earthguardian.earth\/wp-content\/uploads\/2025\/07\/Tech-Loesungen-Titelbild.jpg","datePublished":"2025-07-03T13:59:17+00:00","dateModified":"2025-10-24T11:14:22+00:00","description":"Las \"soluciones\" disponibles son en su mayor\u00eda castillos en el aire costosos, con efectos secundarios catastr\u00f3ficos ante las gigantescas emisiones globales.","breadcrumb":{"@id":"https:\/\/earthguardian.earth\/es\/co%e2%82%82-la-tecnologia-lo-arregla-o-no\/#breadcrumb"},"inLanguage":"es","potentialAction":[{"@type":"ReadAction","target":["https:\/\/earthguardian.earth\/es\/co%e2%82%82-la-tecnologia-lo-arregla-o-no\/"]}]},{"@type":"ImageObject","inLanguage":"es","@id":"https:\/\/earthguardian.earth\/es\/co%e2%82%82-la-tecnologia-lo-arregla-o-no\/#primaryimage","url":"https:\/\/earthguardian.earth\/wp-content\/uploads\/2025\/07\/Tech-Loesungen-Titelbild.jpg","contentUrl":"https:\/\/earthguardian.earth\/wp-content\/uploads\/2025\/07\/Tech-Loesungen-Titelbild.jpg","width":1200,"height":800,"caption":"die Technik regelt das"},{"@type":"BreadcrumbList","@id":"https:\/\/earthguardian.earth\/es\/co%e2%82%82-la-tecnologia-lo-arregla-o-no\/#breadcrumb","itemListElement":[{"@type":"ListItem","position":1,"name":"Home","item":"https:\/\/earthguardian.earth\/es\/"},{"@type":"ListItem","position":2,"name":"CO\u2082 \u2013 \u00bfLa tecnolog\u00eda lo puede solucionar, o no?"}]},{"@type":"WebSite","@id":"https:\/\/earthguardian.earth\/es\/#website","url":"https:\/\/earthguardian.earth\/es\/","name":"Earth Guardian","description":"","publisher":{"@id":"https:\/\/earthguardian.earth\/es\/#organization"},"potentialAction":[{"@type":"SearchAction","target":{"@type":"EntryPoint","urlTemplate":"https:\/\/earthguardian.earth\/es\/?s={search_term_string}"},"query-input":{"@type":"PropertyValueSpecification","valueRequired":true,"valueName":"search_term_string"}}],"inLanguage":"es"},{"@type":"Organization","@id":"https:\/\/earthguardian.earth\/es\/#organization","name":"Earthguardian","alternateName":"Earthguardian Earth","url":"https:\/\/earthguardian.earth\/es\/","logo":{"@type":"ImageObject","inLanguage":"es","@id":"https:\/\/earthguardian.earth\/es\/#\/schema\/logo\/image\/","url":"https:\/\/earthguardian.earth\/wp-content\/uploads\/2025\/09\/Logo-stacked.svg","contentUrl":"https:\/\/earthguardian.earth\/wp-content\/uploads\/2025\/09\/Logo-stacked.svg","width":"1024","height":"1024","caption":"Earthguardian"},"image":{"@id":"https:\/\/earthguardian.earth\/es\/#\/schema\/logo\/image\/"},"sameAs":["https:\/\/www.facebook.com\/Fresopolis.Mallorca","https:\/\/www.instagram.com\/fresopolis.mallorca\/","https:\/\/www.youtube.com\/channel\/UCu9D6GxBDXUImkm7dihPyvg"]},{"@type":"Person","@id":"https:\/\/earthguardian.earth\/es\/#\/schema\/person\/a0a06f80af0ac1c434b44c9289f327ff","name":"Francesco del Orbe","image":{"@type":"ImageObject","inLanguage":"es","@id":"https:\/\/earthguardian.earth\/es\/#\/schema\/person\/image\/","url":"https:\/\/earthguardian.earth\/wp-content\/uploads\/2025\/10\/Francesco-del-Orbe-02-150x150.png","contentUrl":"https:\/\/earthguardian.earth\/wp-content\/uploads\/2025\/10\/Francesco-del-Orbe-02-150x150.png","caption":"Francesco del Orbe"},"url":"https:\/\/earthguardian.earth\/es\/author\/ufdelorbe\/"}]}},"_links":{"self":[{"href":"https:\/\/earthguardian.earth\/es\/wp-json\/wp\/v2\/posts\/23265","targetHints":{"allow":["GET"]}}],"collection":[{"href":"https:\/\/earthguardian.earth\/es\/wp-json\/wp\/v2\/posts"}],"about":[{"href":"https:\/\/earthguardian.earth\/es\/wp-json\/wp\/v2\/types\/post"}],"author":[{"embeddable":true,"href":"https:\/\/earthguardian.earth\/es\/wp-json\/wp\/v2\/users\/54"}],"replies":[{"embeddable":true,"href":"https:\/\/earthguardian.earth\/es\/wp-json\/wp\/v2\/comments?post=23265"}],"version-history":[{"count":3,"href":"https:\/\/earthguardian.earth\/es\/wp-json\/wp\/v2\/posts\/23265\/revisions"}],"predecessor-version":[{"id":25812,"href":"https:\/\/earthguardian.earth\/es\/wp-json\/wp\/v2\/posts\/23265\/revisions\/25812"}],"wp:featuredmedia":[{"embeddable":true,"href":"https:\/\/earthguardian.earth\/es\/wp-json\/wp\/v2\/media\/23258"}],"wp:attachment":[{"href":"https:\/\/earthguardian.earth\/es\/wp-json\/wp\/v2\/media?parent=23265"}],"wp:term":[{"taxonomy":"category","embeddable":true,"href":"https:\/\/earthguardian.earth\/es\/wp-json\/wp\/v2\/categories?post=23265"},{"taxonomy":"post_tag","embeddable":true,"href":"https:\/\/earthguardian.earth\/es\/wp-json\/wp\/v2\/tags?post=23265"}],"curies":[{"name":"wp","href":"https:\/\/api.w.org\/{rel}","templated":true}]}}