{"id":23249,"date":"2025-07-03T13:53:53","date_gmt":"2025-07-03T11:53:53","guid":{"rendered":"http:\/\/earthguardian.earth\/?p=23249"},"modified":"2025-10-24T12:47:10","modified_gmt":"2025-10-24T10:47:10","slug":"arar-realmente-tiene-sentido","status":"publish","type":"post","link":"https:\/\/earthguardian.earth\/es\/arar-realmente-tiene-sentido\/","title":{"rendered":"\u00bfArar, realmente tiene sentido?"},"content":{"rendered":"<h1>Ventajas y desventajas de este m\u00e9todo<\/h1>\n<p>Arar un campo \u2013 es decir, el laboreo profundo y volteo del suelo, tambi\u00e9n conocido como labranza \u2013 tiene m\u00faltiples efectos sobre el suelo: <\/p>\n<h2>Efectos positivos:<\/h2>\n<p>La estructura del suelo se afloja y desmenuza inicialmente, lo que mejora la aireaci\u00f3n y la infiltraci\u00f3n de agua.<br \/>\nLos restos de cosecha, las malas hierbas y el material org\u00e1nico se incorporan, lo que hace que los nutrientes est\u00e9n m\u00e1s disponibles y ayuda a reducir plagas y malezas. <\/p>\n<h2>Consecuencias negativas:<\/h2>\n<p>La fauna ed\u00e1fica, especialmente las lombrices de tierra y otros organismos del suelo, se ve gravemente alterada o diezmada, lo que reduce la actividad biol\u00f3gica en el suelo.<br \/>\nLa mezcla y aireaci\u00f3n intensivas favorecen la descomposici\u00f3n r\u00e1pida del humus y la materia org\u00e1nica, lo que a largo plazo disminuye la fertilidad del suelo y aumenta la emisi\u00f3n de CO\u2082.<br \/>\nLa superficie desprovista de vegetaci\u00f3n tras el arado queda desprotegida frente a la erosi\u00f3n por viento y agua hasta que crece el siguiente cultivo. El riesgo de erosi\u00f3n y encostramiento del suelo aumenta notablemente, especialmente en terrenos inclinados.<br \/>\nEl arado repetido a la misma profundidad conduce a la formaci\u00f3n de la llamada \u201csuela de labor\u201d, una capa compactada debajo de la zona suelta. Esto dificulta la penetraci\u00f3n de agua, nutrientes y ra\u00edces en las capas m\u00e1s profundas del suelo y reduce la capacidad de almacenamiento de agua del suelo.<br \/>\nLa biodiversidad del suelo disminuye, el equilibrio ecol\u00f3gico se altera y aumenta la susceptibilidad a la lixiviaci\u00f3n de nutrientes.<br \/>\nAl arar se liberan aproximadamente 3 toneladas de CO\u2082 por hect\u00e1rea. <\/p>\n<p><img loading=\"lazy\" decoding=\"async\" class=\"myresponsive aligncenter wp-image-23241 size-full\" title=\"Saatbett\" src=\"https:\/\/earthguardian.earth\/wp-content\/uploads\/2025\/07\/Schichtansicht-ES.jpg\" alt=\"Saatbett\" width=\"1200\" height=\"800\" \/><\/p>\n<h2>Otros datos:<\/h2>\n<p>La p\u00e9rdida anual de suelo por erosi\u00f3n en los campos agr\u00edcolas de Alemania es en promedio de entre 1,4 y 3,2 toneladas por hect\u00e1rea. Este valor es significativamente superior a la tasa natural de formaci\u00f3n de suelo, que es de aproximadamente 0,3 a 1,4 toneladas por hect\u00e1rea y a\u00f1o. A nivel mundial, se pierden anualmente unas 36 mil millones de toneladas de suelo debido a la erosi\u00f3n, causada principalmente por las lluvias. La erosi\u00f3n afecta especialmente a regiones con uso agr\u00edcola intensivo, como Sudam\u00e9rica, el sudeste asi\u00e1tico y \u00c1frica ecuatorial.<br \/>\nA nivel global, m\u00e1s de un tercio de las tierras agr\u00edcolas est\u00e1n afectadas por la degradaci\u00f3n, y en todo el mundo, el 25% de los suelos se consideran gravemente limitados en sus funciones debido a los efectos negativos a largo plazo. <\/p>\n<h3>Conclusi\u00f3n <\/h3>\n<p>El arado facilita el laboreo del suelo a corto plazo y crea condiciones favorables para la siembra, pero a menudo tiene efectos negativos a largo plazo sobre la vida del suelo, el contenido de humus, la susceptibilidad a la erosi\u00f3n y la estructura del suelo. Por ello, los enfoques modernos apuestan cada vez m\u00e1s por la labranza reducida o conservacionista para preservar la salud del suelo. <\/p>\n<p>El autor: Francesco del Orbe<\/p>\n","protected":false},"excerpt":{"rendered":"<p>Ventajas y desventajas de este m\u00e9todo Arar un campo \u2013 es decir, el laboreo profundo y volteo del suelo, tambi\u00e9n conocido como labranza \u2013 tiene m\u00faltiples efectos sobre el suelo: Efectos positivos: La estructura del suelo se afloja y desmenuza inicialmente, lo que mejora la aireaci\u00f3n y la infiltraci\u00f3n de agua. Los restos de cosecha,&#8230;<\/p>\n","protected":false},"author":54,"featured_media":23237,"comment_status":"closed","ping_status":"closed","sticky":false,"template":"","format":"standard","meta":{"_acf_changed":false,"inline_featured_image":false,"footnotes":""},"categories":[186],"tags":[292,303,382,312,381,299,301,291,302,785,298,290,288,311,293,300,306,305,213,304,297],"class_list":["post-23249","post","type-post","status-publish","format-standard","has-post-thumbnail","hentry","category-clima-y-medio-ambiente","tag-action-climatica","tag-agricultura","tag-agricultura-es","tag-agricultura-regenerativa","tag-arar","tag-biodiversidad","tag-cambio-climatica","tag-carbonneutral-es","tag-ecosistema","tag-erosion","tag-fijacion-de-co2","tag-francesco-del-orbe-es","tag-fresopolis-es","tag-granja-climatica-es","tag-guardian-de-la-tierra","tag-microclimatica","tag-plantar","tag-proteccion-del-clima","tag-sostenibilidad","tag-sostenible-es","tag-tierra-sana"],"acf":[],"yoast_head":"<!-- This site is optimized with the Yoast SEO plugin v26.3 - https:\/\/yoast.com\/wordpress\/plugins\/seo\/ -->\n<title>\u00bfArar, realmente tiene sentido?<\/title>\n<meta name=\"description\" content=\"Arar un campo \u2013 es decir, el laboreo profundo y volteo del suelo, tambi\u00e9n conocido como labranza \u2013 tiene m\u00faltiples efectos sobre el suelo:\" \/>\n<meta name=\"robots\" content=\"index, follow, max-snippet:-1, max-image-preview:large, max-video-preview:-1\" \/>\n<link rel=\"canonical\" href=\"https:\/\/earthguardian.earth\/es\/arar-realmente-tiene-sentido\/\" \/>\n<meta property=\"og:locale\" content=\"es_ES\" \/>\n<meta property=\"og:type\" content=\"article\" \/>\n<meta property=\"og:title\" content=\"\u00bfArar, realmente tiene sentido?\" \/>\n<meta property=\"og:description\" content=\"Arar un campo \u2013 es decir, el laboreo profundo y volteo del suelo, tambi\u00e9n conocido como labranza \u2013 tiene m\u00faltiples efectos sobre el suelo:\" \/>\n<meta property=\"og:url\" content=\"https:\/\/earthguardian.earth\/es\/arar-realmente-tiene-sentido\/\" \/>\n<meta property=\"og:site_name\" content=\"Earth Guardian\" \/>\n<meta property=\"article:publisher\" content=\"https:\/\/www.facebook.com\/Fresopolis.Mallorca\" \/>\n<meta property=\"article:published_time\" content=\"2025-07-03T11:53:53+00:00\" \/>\n<meta property=\"article:modified_time\" content=\"2025-10-24T10:47:10+00:00\" \/>\n<meta property=\"og:image\" content=\"https:\/\/earthguardian.earth\/wp-content\/uploads\/2025\/07\/Pfluegen-Titelbild.jpg\" \/>\n\t<meta property=\"og:image:width\" content=\"1200\" \/>\n\t<meta property=\"og:image:height\" content=\"800\" \/>\n\t<meta property=\"og:image:type\" content=\"image\/jpeg\" \/>\n<meta name=\"author\" content=\"Francesco del Orbe\" \/>\n<meta name=\"twitter:card\" content=\"summary_large_image\" \/>\n<meta name=\"twitter:label1\" content=\"Escrito por\" \/>\n\t<meta name=\"twitter:data1\" content=\"Francesco del Orbe\" \/>\n\t<meta name=\"twitter:label2\" content=\"Tiempo de lectura\" \/>\n\t<meta name=\"twitter:data2\" content=\"3 minutos\" \/>\n<script type=\"application\/ld+json\" class=\"yoast-schema-graph\">{\"@context\":\"https:\/\/schema.org\",\"@graph\":[{\"@type\":\"Article\",\"@id\":\"https:\/\/earthguardian.earth\/es\/arar-realmente-tiene-sentido\/#article\",\"isPartOf\":{\"@id\":\"https:\/\/earthguardian.earth\/es\/arar-realmente-tiene-sentido\/\"},\"author\":{\"name\":\"Francesco del Orbe\",\"@id\":\"https:\/\/earthguardian.earth\/es\/#\/schema\/person\/a0a06f80af0ac1c434b44c9289f327ff\"},\"headline\":\"\u00bfArar, realmente tiene sentido?\",\"datePublished\":\"2025-07-03T11:53:53+00:00\",\"dateModified\":\"2025-10-24T10:47:10+00:00\",\"mainEntityOfPage\":{\"@id\":\"https:\/\/earthguardian.earth\/es\/arar-realmente-tiene-sentido\/\"},\"wordCount\":504,\"publisher\":{\"@id\":\"https:\/\/earthguardian.earth\/es\/#organization\"},\"image\":{\"@id\":\"https:\/\/earthguardian.earth\/es\/arar-realmente-tiene-sentido\/#primaryimage\"},\"thumbnailUrl\":\"https:\/\/earthguardian.earth\/wp-content\/uploads\/2025\/07\/Pfluegen-Titelbild.jpg\",\"keywords\":[\"acti\u00f3n clim\u00e1tica\",\"agricultura\",\"agricultura\",\"agricultura regenerativa\",\"arar\",\"biodiversidad\",\"cambio clim\u00e1tica\",\"carbonneutral\",\"ecosistema\",\"erosion\",\"fijaci\u00f3n de co2\",\"francesco del orbe\",\"fresopolis\",\"granja clim\u00e1tica\",\"guardi\u00e1n de la tierra\",\"microclim\u00e1tica\",\"plantar\",\"protecci\u00f3n del clima\",\"sostenibilidad\",\"sostenible\",\"tierra sana\"],\"articleSection\":[\"Clima y medio ambiente\"],\"inLanguage\":\"es\"},{\"@type\":\"WebPage\",\"@id\":\"https:\/\/earthguardian.earth\/es\/arar-realmente-tiene-sentido\/\",\"url\":\"https:\/\/earthguardian.earth\/es\/arar-realmente-tiene-sentido\/\",\"name\":\"\u00bfArar, realmente tiene sentido?\",\"isPartOf\":{\"@id\":\"https:\/\/earthguardian.earth\/es\/#website\"},\"primaryImageOfPage\":{\"@id\":\"https:\/\/earthguardian.earth\/es\/arar-realmente-tiene-sentido\/#primaryimage\"},\"image\":{\"@id\":\"https:\/\/earthguardian.earth\/es\/arar-realmente-tiene-sentido\/#primaryimage\"},\"thumbnailUrl\":\"https:\/\/earthguardian.earth\/wp-content\/uploads\/2025\/07\/Pfluegen-Titelbild.jpg\",\"datePublished\":\"2025-07-03T11:53:53+00:00\",\"dateModified\":\"2025-10-24T10:47:10+00:00\",\"description\":\"Arar un campo \u2013 es decir, el laboreo profundo y volteo del suelo, tambi\u00e9n conocido como labranza \u2013 tiene m\u00faltiples efectos sobre el suelo:\",\"breadcrumb\":{\"@id\":\"https:\/\/earthguardian.earth\/es\/arar-realmente-tiene-sentido\/#breadcrumb\"},\"inLanguage\":\"es\",\"potentialAction\":[{\"@type\":\"ReadAction\",\"target\":[\"https:\/\/earthguardian.earth\/es\/arar-realmente-tiene-sentido\/\"]}]},{\"@type\":\"ImageObject\",\"inLanguage\":\"es\",\"@id\":\"https:\/\/earthguardian.earth\/es\/arar-realmente-tiene-sentido\/#primaryimage\",\"url\":\"https:\/\/earthguardian.earth\/wp-content\/uploads\/2025\/07\/Pfluegen-Titelbild.jpg\",\"contentUrl\":\"https:\/\/earthguardian.earth\/wp-content\/uploads\/2025\/07\/Pfluegen-Titelbild.jpg\",\"width\":1200,\"height\":800,\"caption\":\"Pfl\u00fcgen\"},{\"@type\":\"BreadcrumbList\",\"@id\":\"https:\/\/earthguardian.earth\/es\/arar-realmente-tiene-sentido\/#breadcrumb\",\"itemListElement\":[{\"@type\":\"ListItem\",\"position\":1,\"name\":\"Home\",\"item\":\"https:\/\/earthguardian.earth\/es\/\"},{\"@type\":\"ListItem\",\"position\":2,\"name\":\"\u00bfArar, realmente tiene sentido?\"}]},{\"@type\":\"WebSite\",\"@id\":\"https:\/\/earthguardian.earth\/es\/#website\",\"url\":\"https:\/\/earthguardian.earth\/es\/\",\"name\":\"Earth Guardian\",\"description\":\"\",\"publisher\":{\"@id\":\"https:\/\/earthguardian.earth\/es\/#organization\"},\"potentialAction\":[{\"@type\":\"SearchAction\",\"target\":{\"@type\":\"EntryPoint\",\"urlTemplate\":\"https:\/\/earthguardian.earth\/es\/?s={search_term_string}\"},\"query-input\":{\"@type\":\"PropertyValueSpecification\",\"valueRequired\":true,\"valueName\":\"search_term_string\"}}],\"inLanguage\":\"es\"},{\"@type\":\"Organization\",\"@id\":\"https:\/\/earthguardian.earth\/es\/#organization\",\"name\":\"Earthguardian\",\"alternateName\":\"Earthguardian Earth\",\"url\":\"https:\/\/earthguardian.earth\/es\/\",\"logo\":{\"@type\":\"ImageObject\",\"inLanguage\":\"es\",\"@id\":\"https:\/\/earthguardian.earth\/es\/#\/schema\/logo\/image\/\",\"url\":\"https:\/\/earthguardian.earth\/wp-content\/uploads\/2025\/09\/Logo-stacked.svg\",\"contentUrl\":\"https:\/\/earthguardian.earth\/wp-content\/uploads\/2025\/09\/Logo-stacked.svg\",\"width\":\"1024\",\"height\":\"1024\",\"caption\":\"Earthguardian\"},\"image\":{\"@id\":\"https:\/\/earthguardian.earth\/es\/#\/schema\/logo\/image\/\"},\"sameAs\":[\"https:\/\/www.facebook.com\/Fresopolis.Mallorca\",\"https:\/\/www.instagram.com\/fresopolis.mallorca\/\",\"https:\/\/www.youtube.com\/channel\/UCu9D6GxBDXUImkm7dihPyvg\"]},{\"@type\":\"Person\",\"@id\":\"https:\/\/earthguardian.earth\/es\/#\/schema\/person\/a0a06f80af0ac1c434b44c9289f327ff\",\"name\":\"Francesco del Orbe\",\"image\":{\"@type\":\"ImageObject\",\"inLanguage\":\"es\",\"@id\":\"https:\/\/earthguardian.earth\/es\/#\/schema\/person\/image\/\",\"url\":\"https:\/\/earthguardian.earth\/wp-content\/uploads\/2025\/10\/Francesco-del-Orbe-02-150x150.png\",\"contentUrl\":\"https:\/\/earthguardian.earth\/wp-content\/uploads\/2025\/10\/Francesco-del-Orbe-02-150x150.png\",\"caption\":\"Francesco del Orbe\"},\"url\":\"https:\/\/earthguardian.earth\/es\/author\/ufdelorbe\/\"}]}<\/script>\n<!-- \/ Yoast SEO plugin. -->","yoast_head_json":{"title":"\u00bfArar, realmente tiene sentido?","description":"Arar un campo \u2013 es decir, el laboreo profundo y volteo del suelo, tambi\u00e9n conocido como labranza \u2013 tiene m\u00faltiples efectos sobre el suelo:","robots":{"index":"index","follow":"follow","max-snippet":"max-snippet:-1","max-image-preview":"max-image-preview:large","max-video-preview":"max-video-preview:-1"},"canonical":"https:\/\/earthguardian.earth\/es\/arar-realmente-tiene-sentido\/","og_locale":"es_ES","og_type":"article","og_title":"\u00bfArar, realmente tiene sentido?","og_description":"Arar un campo \u2013 es decir, el laboreo profundo y volteo del suelo, tambi\u00e9n conocido como labranza \u2013 tiene m\u00faltiples efectos sobre el suelo:","og_url":"https:\/\/earthguardian.earth\/es\/arar-realmente-tiene-sentido\/","og_site_name":"Earth Guardian","article_publisher":"https:\/\/www.facebook.com\/Fresopolis.Mallorca","article_published_time":"2025-07-03T11:53:53+00:00","article_modified_time":"2025-10-24T10:47:10+00:00","og_image":[{"width":1200,"height":800,"url":"https:\/\/earthguardian.earth\/wp-content\/uploads\/2025\/07\/Pfluegen-Titelbild.jpg","type":"image\/jpeg"}],"author":"Francesco del Orbe","twitter_card":"summary_large_image","twitter_misc":{"Escrito por":"Francesco del Orbe","Tiempo de lectura":"3 minutos"},"schema":{"@context":"https:\/\/schema.org","@graph":[{"@type":"Article","@id":"https:\/\/earthguardian.earth\/es\/arar-realmente-tiene-sentido\/#article","isPartOf":{"@id":"https:\/\/earthguardian.earth\/es\/arar-realmente-tiene-sentido\/"},"author":{"name":"Francesco del Orbe","@id":"https:\/\/earthguardian.earth\/es\/#\/schema\/person\/a0a06f80af0ac1c434b44c9289f327ff"},"headline":"\u00bfArar, realmente tiene sentido?","datePublished":"2025-07-03T11:53:53+00:00","dateModified":"2025-10-24T10:47:10+00:00","mainEntityOfPage":{"@id":"https:\/\/earthguardian.earth\/es\/arar-realmente-tiene-sentido\/"},"wordCount":504,"publisher":{"@id":"https:\/\/earthguardian.earth\/es\/#organization"},"image":{"@id":"https:\/\/earthguardian.earth\/es\/arar-realmente-tiene-sentido\/#primaryimage"},"thumbnailUrl":"https:\/\/earthguardian.earth\/wp-content\/uploads\/2025\/07\/Pfluegen-Titelbild.jpg","keywords":["acti\u00f3n clim\u00e1tica","agricultura","agricultura","agricultura regenerativa","arar","biodiversidad","cambio clim\u00e1tica","carbonneutral","ecosistema","erosion","fijaci\u00f3n de co2","francesco del orbe","fresopolis","granja clim\u00e1tica","guardi\u00e1n de la tierra","microclim\u00e1tica","plantar","protecci\u00f3n del clima","sostenibilidad","sostenible","tierra sana"],"articleSection":["Clima y medio ambiente"],"inLanguage":"es"},{"@type":"WebPage","@id":"https:\/\/earthguardian.earth\/es\/arar-realmente-tiene-sentido\/","url":"https:\/\/earthguardian.earth\/es\/arar-realmente-tiene-sentido\/","name":"\u00bfArar, realmente tiene sentido?","isPartOf":{"@id":"https:\/\/earthguardian.earth\/es\/#website"},"primaryImageOfPage":{"@id":"https:\/\/earthguardian.earth\/es\/arar-realmente-tiene-sentido\/#primaryimage"},"image":{"@id":"https:\/\/earthguardian.earth\/es\/arar-realmente-tiene-sentido\/#primaryimage"},"thumbnailUrl":"https:\/\/earthguardian.earth\/wp-content\/uploads\/2025\/07\/Pfluegen-Titelbild.jpg","datePublished":"2025-07-03T11:53:53+00:00","dateModified":"2025-10-24T10:47:10+00:00","description":"Arar un campo \u2013 es decir, el laboreo profundo y volteo del suelo, tambi\u00e9n conocido como labranza \u2013 tiene m\u00faltiples efectos sobre el suelo:","breadcrumb":{"@id":"https:\/\/earthguardian.earth\/es\/arar-realmente-tiene-sentido\/#breadcrumb"},"inLanguage":"es","potentialAction":[{"@type":"ReadAction","target":["https:\/\/earthguardian.earth\/es\/arar-realmente-tiene-sentido\/"]}]},{"@type":"ImageObject","inLanguage":"es","@id":"https:\/\/earthguardian.earth\/es\/arar-realmente-tiene-sentido\/#primaryimage","url":"https:\/\/earthguardian.earth\/wp-content\/uploads\/2025\/07\/Pfluegen-Titelbild.jpg","contentUrl":"https:\/\/earthguardian.earth\/wp-content\/uploads\/2025\/07\/Pfluegen-Titelbild.jpg","width":1200,"height":800,"caption":"Pfl\u00fcgen"},{"@type":"BreadcrumbList","@id":"https:\/\/earthguardian.earth\/es\/arar-realmente-tiene-sentido\/#breadcrumb","itemListElement":[{"@type":"ListItem","position":1,"name":"Home","item":"https:\/\/earthguardian.earth\/es\/"},{"@type":"ListItem","position":2,"name":"\u00bfArar, realmente tiene sentido?"}]},{"@type":"WebSite","@id":"https:\/\/earthguardian.earth\/es\/#website","url":"https:\/\/earthguardian.earth\/es\/","name":"Earth Guardian","description":"","publisher":{"@id":"https:\/\/earthguardian.earth\/es\/#organization"},"potentialAction":[{"@type":"SearchAction","target":{"@type":"EntryPoint","urlTemplate":"https:\/\/earthguardian.earth\/es\/?s={search_term_string}"},"query-input":{"@type":"PropertyValueSpecification","valueRequired":true,"valueName":"search_term_string"}}],"inLanguage":"es"},{"@type":"Organization","@id":"https:\/\/earthguardian.earth\/es\/#organization","name":"Earthguardian","alternateName":"Earthguardian Earth","url":"https:\/\/earthguardian.earth\/es\/","logo":{"@type":"ImageObject","inLanguage":"es","@id":"https:\/\/earthguardian.earth\/es\/#\/schema\/logo\/image\/","url":"https:\/\/earthguardian.earth\/wp-content\/uploads\/2025\/09\/Logo-stacked.svg","contentUrl":"https:\/\/earthguardian.earth\/wp-content\/uploads\/2025\/09\/Logo-stacked.svg","width":"1024","height":"1024","caption":"Earthguardian"},"image":{"@id":"https:\/\/earthguardian.earth\/es\/#\/schema\/logo\/image\/"},"sameAs":["https:\/\/www.facebook.com\/Fresopolis.Mallorca","https:\/\/www.instagram.com\/fresopolis.mallorca\/","https:\/\/www.youtube.com\/channel\/UCu9D6GxBDXUImkm7dihPyvg"]},{"@type":"Person","@id":"https:\/\/earthguardian.earth\/es\/#\/schema\/person\/a0a06f80af0ac1c434b44c9289f327ff","name":"Francesco del Orbe","image":{"@type":"ImageObject","inLanguage":"es","@id":"https:\/\/earthguardian.earth\/es\/#\/schema\/person\/image\/","url":"https:\/\/earthguardian.earth\/wp-content\/uploads\/2025\/10\/Francesco-del-Orbe-02-150x150.png","contentUrl":"https:\/\/earthguardian.earth\/wp-content\/uploads\/2025\/10\/Francesco-del-Orbe-02-150x150.png","caption":"Francesco del Orbe"},"url":"https:\/\/earthguardian.earth\/es\/author\/ufdelorbe\/"}]}},"_links":{"self":[{"href":"https:\/\/earthguardian.earth\/es\/wp-json\/wp\/v2\/posts\/23249","targetHints":{"allow":["GET"]}}],"collection":[{"href":"https:\/\/earthguardian.earth\/es\/wp-json\/wp\/v2\/posts"}],"about":[{"href":"https:\/\/earthguardian.earth\/es\/wp-json\/wp\/v2\/types\/post"}],"author":[{"embeddable":true,"href":"https:\/\/earthguardian.earth\/es\/wp-json\/wp\/v2\/users\/54"}],"replies":[{"embeddable":true,"href":"https:\/\/earthguardian.earth\/es\/wp-json\/wp\/v2\/comments?post=23249"}],"version-history":[{"count":2,"href":"https:\/\/earthguardian.earth\/es\/wp-json\/wp\/v2\/posts\/23249\/revisions"}],"predecessor-version":[{"id":25807,"href":"https:\/\/earthguardian.earth\/es\/wp-json\/wp\/v2\/posts\/23249\/revisions\/25807"}],"wp:featuredmedia":[{"embeddable":true,"href":"https:\/\/earthguardian.earth\/es\/wp-json\/wp\/v2\/media\/23237"}],"wp:attachment":[{"href":"https:\/\/earthguardian.earth\/es\/wp-json\/wp\/v2\/media?parent=23249"}],"wp:term":[{"taxonomy":"category","embeddable":true,"href":"https:\/\/earthguardian.earth\/es\/wp-json\/wp\/v2\/categories?post=23249"},{"taxonomy":"post_tag","embeddable":true,"href":"https:\/\/earthguardian.earth\/es\/wp-json\/wp\/v2\/tags?post=23249"}],"curies":[{"name":"wp","href":"https:\/\/api.w.org\/{rel}","templated":true}]}}