{"id":23228,"date":"2025-07-03T13:24:03","date_gmt":"2025-07-03T11:24:03","guid":{"rendered":"http:\/\/earthguardian.earth\/?p=23228"},"modified":"2025-10-24T11:54:05","modified_gmt":"2025-10-24T09:54:05","slug":"posidonia-la-pradera-submarina","status":"publish","type":"post","link":"https:\/\/earthguardian.earth\/es\/posidonia-la-pradera-submarina\/","title":{"rendered":"Posidonia: la pradera submarina"},"content":{"rendered":"<h1>Una pieza clave en nuestro ecosistema<\/h1>\n<h2 class=\"my-0\"><strong>Posidonia oce\u00e1nica: protectora del clima en el Mediterr\u00e1neo \u2013 Por qu\u00e9 el aumento de temperatura amenaza la hierba de Neptuno<\/strong><span class=\"mt-md block\"><\/span><\/h2>\n<p class=\"my-0\">El Mediterr\u00e1neo no es solo un destino tur\u00edstico popular, sino tambi\u00e9n el hogar de un ecosistema especial: las praderas submarinas de Posidonia oceanica, tambi\u00e9n conocida como hierba de Neptuno. Estas plantas discretas desempe\u00f1an un papel crucial en la lucha contra el cambio clim\u00e1tico. Sin embargo, el aumento de la temperatura marina las est\u00e1 poniendo en peligro. \u00bfPor qu\u00e9 ocurre esto y qu\u00e9 significa para nuestro clima?<\/p>\n<h3 class=\"mb-xs mt-5 text-base font-[500] first:mt-0 dark:font-[475]\">\u00bfQu\u00e9 es la Posidonia oce\u00e1nica?<\/h3>\n<p class=\"my-0\"><em>Posidonia oce\u00e1nica<\/em><span>\u00a0<\/span>es una planta marina aut\u00f3ctona del Mediterr\u00e1neo que forma grandes praderas submarinas. Estas praderas no solo son puntos calientes de biodiversidad, sino tambi\u00e9n verdaderos sumideros de CO\u2082. Mediante la fotos\u00edntesis, fijan grandes cantidades de carbono, lo almacenan en sus hojas, rizomas y ra\u00edces, y depositan restos vegetales en el sedimento. All\u00ed, el carbono permanece estable durante siglos o milenios &#8211; un aut\u00e9ntico almac\u00e9n de CO\u2082 a largo plazo.<\/p>\n<h3 class=\"mb-xs mt-5 text-base font-[500] first:mt-0 dark:font-[475]\">\u00bfPor qu\u00e9 la Posidonia es una protectora del clima?<\/h3>\n<p class=\"my-0\">Las praderas de Posidonia son sumideros de carbono extremadamente eficientes. Por superficie, pueden almacenar hasta diez veces m\u00e1s carbono que las selvas tropicales terrestres. Esto se debe a que el carbono almacenado &#8211; el llamado \u201ccarbono azul\u201d &#8211; queda atrapado en el sedimento y se conserva all\u00ed durante mucho tiempo.<\/p>\n<p class=\"my-0\"><strong>Otros beneficios de las praderas de Posidonia:<\/strong><\/p>\n<ul class=\"marker:text-textOff list-disc\">\n<li>\n<p class=\"my-0\"><strong>Biodiversidad:<\/strong><span>\u00a0<\/span>Proporcionan h\u00e1bitat a numerosas especies, incluidos peces, tortugas, tiburones y aves migratorias.<\/p>\n<\/li>\n<li>\n<p class=\"my-0\"><strong>Protecci\u00f3n costera:<\/strong><span>\u00a0<\/span>Las praderas protegen las costas de la erosi\u00f3n.<\/p>\n<\/li>\n<li>\n<p class=\"my-0\"><strong>Calidad del agua:<\/strong><span>\u00a0<\/span>Filtran contaminantes y micropl\u00e1sticos del agua.<\/p>\n<\/li>\n<li>\n<p class=\"my-0\"><strong>Producci\u00f3n de ox\u00edgeno:<\/strong><span>\u00a0<\/span>Producen grandes cantidades de ox\u00edgeno.<\/p>\n<\/li>\n<\/ul>\n<h2 class=\"mb-xs mt-5 text-base font-[500] first:mt-0 dark:font-[475]\">La amenaza del aumento de temperatura<\/h2>\n<p class=\"my-0\">Pero este valioso ecosistema est\u00e1 en peligro. El cambio clim\u00e1tico y el consiguiente calentamiento de los mares afectan gravemente a las praderas de Posidonia. Estudios cient\u00edficos muestran que un aumento de solo tres grados Celsius en la temperatura m\u00e1xima del agua puede triplicar la tasa de mortalidad de la hierba de Neptuno. La planta crece muy lentamente y apenas puede adaptarse a cambios r\u00e1pidos.<br \/>\nLas regiones m\u00e1s afectadas son el este y el centro del Mediterr\u00e1neo, donde las temperaturas son m\u00e1s altas. All\u00ed existe el riesgo de que grandes extensiones de praderas desaparezcan ya a mediados de este siglo. Adem\u00e1s, otros factores de estr\u00e9s como especies invasoras, que se expanden mejor con el calor, agravan la situaci\u00f3n.<\/p>\n<p>&nbsp;<\/p>\n<p><img loading=\"lazy\" decoding=\"async\" class=\"myresponsive aligncenter wp-image-23221 size-full\" title=\"Neptunb\u00e4lle\" src=\"https:\/\/earthguardian.earth\/wp-content\/uploads\/2025\/07\/Neptunbaelle-ES.jpg\" alt=\"Neptunb\u00e4lle\" width=\"1200\" height=\"800\" \/><\/p>\n<h2 class=\"mb-xs mt-5 text-base font-[500] first:mt-0 dark:font-[475]\">\u00bfQu\u00e9 ocurre si desaparecen las praderas de Posidonia?<\/h2>\n<p class=\"my-0\">Si las praderas de Posidonia mueren, no solo se pierde un h\u00e1bitat esencial para muchas especies, sino tambi\u00e9n uno de los sumideros naturales de CO\u2082 m\u00e1s eficaces del mundo. El carbono almacenado en el sedimento se libera de nuevo y regresa a la atm\u00f3sfera como CO\u2082, con consecuencias negativas para el clima.<\/p>\n<p class=\"my-0\">Esto significa:<\/p>\n<ul class=\"marker:text-textOff list-disc\">\n<li>\n<p class=\"my-0\">En vez de fijar CO\u2082, las praderas destruidas se convierten en fuente de CO\u2082.<\/p>\n<\/li>\n<li>\n<p class=\"my-0\">Es un c\u00edrculo vicioso: cuantas m\u00e1s praderas desaparecen, m\u00e1s CO\u2082 llega a la atm\u00f3sfera &#8211; y eso acelera a\u00fan m\u00e1s el cambio clim\u00e1tico.<\/p>\n<\/li>\n<\/ul>\n<h3 class=\"mb-xs mt-5 text-base font-[500] first:mt-0 dark:font-[475]\">\u00bfHay esperanza?<\/h3>\n<p class=\"my-0\">S\u00ed, tambi\u00e9n hay desarrollos positivos:<\/p>\n<ul class=\"marker:text-textOff list-disc\">\n<li>\n<p class=\"my-0\">En algunas zonas occidentales del Mediterr\u00e1neo, las temperaturas podr\u00edan mantenerse por debajo del umbral cr\u00edtico, permitiendo la supervivencia de las praderas.<\/p>\n<\/li>\n<li>\n<p class=\"my-0\">Adem\u00e1s, estudios muestran que ciertos mecanismos de adaptaci\u00f3n &#8211; como el aumento en la producci\u00f3n de semillas &#8211; podr\u00edan favorecer la supervivencia de la especie en determinadas condiciones.<\/p>\n<\/li>\n<\/ul>\n<p class=\"my-0\">Sin embargo, es fundamental actuar ahora:<\/p>\n<ul class=\"marker:text-textOff list-disc\">\n<li>\n<p class=\"my-0\">La protecci\u00f3n y restauraci\u00f3n de las praderas de Posidonia es clave para la protecci\u00f3n clim\u00e1tica.<\/p>\n<\/li>\n<li>\n<p class=\"my-0\">Al mismo tiempo, debemos reducir dr\u00e1sticamente las emisiones globales para frenar el calentamiento de los mares.<\/p>\n<\/li>\n<\/ul>\n<h3 class=\"mb-xs mt-5 text-base font-[500] first:mt-0 dark:font-[475]\">\u00bfQu\u00e9 podemos hacer?<\/h3>\n<p class=\"my-0\">Todos podemos contribuir:<\/p>\n<ul class=\"marker:text-textOff list-disc\">\n<li>\n<p class=\"my-0\"><strong>Apoyar \u00e1reas protegidas:<\/strong><span>\u00a0<\/span>Promover y ampliar las zonas protegidas en el Mediterr\u00e1neo.<\/p>\n<\/li>\n<li>\n<p class=\"my-0\"><strong>Turismo sostenible:<\/strong><span>\u00a0<\/span>Tratar el mar con cuidado &#8211; por ejemplo, no lanzar anclas en praderas de Posidonia.<\/p>\n<\/li>\n<li>\n<p class=\"my-0\"><strong>Fomentar la restauraci\u00f3n:<\/strong><span>\u00a0<\/span>Apoyar proyectos de recuperaci\u00f3n de praderas submarinas.<\/p>\n<\/li>\n<li>\n<p class=\"my-0\"><strong>Vivir el compromiso clim\u00e1tico:<\/strong><span>\u00a0<\/span>Reducir la propia huella de CO\u2082 para frenar el calentamiento global.<\/p>\n<\/li>\n<\/ul>\n<p class=\"my-0\"><strong>Posidonia oceanica\u00a0<\/strong>es una aut\u00e9ntica protectora del clima, pero su futuro es incierto. El calentamiento de los mares amenaza este ecosistema sensible y su capacidad de almacenar CO\u2082. Solo con protecci\u00f3n constante y medidas globales contra el cambio clim\u00e1tico podremos conservar las praderas y sus m\u00faltiples funciones.<br \/>\nLas praderas de Posidonia son una esperanza, pero no sustituyen una acci\u00f3n clim\u00e1tica integral. Juntos podemos contribuir a que el Mediterr\u00e1neo siga siendo un mar vivo y fuerte frente al clima.<\/p>\n<p class=\"my-0\">El autor: Francesco del Orbe<\/p>\n","protected":false},"excerpt":{"rendered":"<p>Una pieza clave en nuestro ecosistema Posidonia oce\u00e1nica: protectora del clima en el Mediterr\u00e1neo \u2013 Por qu\u00e9 el aumento de temperatura amenaza la hierba de Neptuno El Mediterr\u00e1neo no es solo un destino tur\u00edstico popular, sino tambi\u00e9n el hogar de un ecosistema especial: las praderas submarinas de Posidonia oceanica, tambi\u00e9n conocida como hierba de Neptuno&#8230;.<\/p>\n","protected":false},"author":54,"featured_media":23217,"comment_status":"closed","ping_status":"closed","sticky":false,"template":"","format":"standard","meta":{"_acf_changed":false,"inline_featured_image":false,"footnotes":""},"categories":[186],"tags":[292,303,312,299,301,291,302,298,290,288,311,293,372,300,370,306,371,305,213,304,297],"class_list":["post-23228","post","type-post","status-publish","format-standard","has-post-thumbnail","hentry","category-clima-y-medio-ambiente","tag-action-climatica","tag-agricultura","tag-agricultura-regenerativa","tag-biodiversidad","tag-cambio-climatica","tag-carbonneutral-es","tag-ecosistema","tag-fijacion-de-co2","tag-francesco-del-orbe-es","tag-fresopolis-es","tag-granja-climatica-es","tag-guardian-de-la-tierra","tag-la-pradera-submarina","tag-microclimatica","tag-ocean-es","tag-plantar","tag-posidonia-es","tag-proteccion-del-clima","tag-sostenibilidad","tag-sostenible-es","tag-tierra-sana"],"acf":[],"yoast_head":"<!-- This site is optimized with the Yoast SEO plugin v26.3 - https:\/\/yoast.com\/wordpress\/plugins\/seo\/ -->\n<title>Posidonia: la pradera submarina<\/title>\n<meta name=\"description\" content=\"El Mediterr\u00e1neo no solo es un destino vacacional muy popular, sino tambi\u00e9n el hogar de un ecosistema \u00fanico. Descubre c\u00f3mo la Posidonia oceanica es una aut\u00e9ntica protectora del clima.\" \/>\n<meta name=\"robots\" content=\"index, follow, max-snippet:-1, max-image-preview:large, max-video-preview:-1\" \/>\n<link rel=\"canonical\" href=\"https:\/\/earthguardian.earth\/es\/posidonia-la-pradera-submarina\/\" \/>\n<meta property=\"og:locale\" content=\"es_ES\" \/>\n<meta property=\"og:type\" content=\"article\" \/>\n<meta property=\"og:title\" content=\"Posidonia: la pradera submarina\" \/>\n<meta property=\"og:description\" content=\"El Mediterr\u00e1neo no solo es un destino vacacional muy popular, sino tambi\u00e9n el hogar de un ecosistema \u00fanico. Descubre c\u00f3mo la Posidonia oceanica es una aut\u00e9ntica protectora del clima.\" \/>\n<meta property=\"og:url\" content=\"https:\/\/earthguardian.earth\/es\/posidonia-la-pradera-submarina\/\" \/>\n<meta property=\"og:site_name\" content=\"Earth Guardian\" \/>\n<meta property=\"article:publisher\" content=\"https:\/\/www.facebook.com\/Fresopolis.Mallorca\" \/>\n<meta property=\"article:published_time\" content=\"2025-07-03T11:24:03+00:00\" \/>\n<meta property=\"article:modified_time\" content=\"2025-10-24T09:54:05+00:00\" \/>\n<meta property=\"og:image\" content=\"https:\/\/earthguardian.earth\/wp-content\/uploads\/2025\/07\/Posidonia-Titelbild.jpg\" \/>\n\t<meta property=\"og:image:width\" content=\"1200\" \/>\n\t<meta property=\"og:image:height\" content=\"800\" \/>\n\t<meta property=\"og:image:type\" content=\"image\/jpeg\" \/>\n<meta name=\"author\" content=\"Francesco del Orbe\" \/>\n<meta name=\"twitter:card\" content=\"summary_large_image\" \/>\n<meta name=\"twitter:label1\" content=\"Escrito por\" \/>\n\t<meta name=\"twitter:data1\" content=\"Francesco del Orbe\" \/>\n\t<meta name=\"twitter:label2\" content=\"Tiempo de lectura\" \/>\n\t<meta name=\"twitter:data2\" content=\"4 minutos\" \/>\n<script type=\"application\/ld+json\" class=\"yoast-schema-graph\">{\"@context\":\"https:\/\/schema.org\",\"@graph\":[{\"@type\":\"Article\",\"@id\":\"https:\/\/earthguardian.earth\/es\/posidonia-la-pradera-submarina\/#article\",\"isPartOf\":{\"@id\":\"https:\/\/earthguardian.earth\/es\/posidonia-la-pradera-submarina\/\"},\"author\":{\"name\":\"Francesco del Orbe\",\"@id\":\"https:\/\/earthguardian.earth\/es\/#\/schema\/person\/a0a06f80af0ac1c434b44c9289f327ff\"},\"headline\":\"Posidonia: la pradera submarina\",\"datePublished\":\"2025-07-03T11:24:03+00:00\",\"dateModified\":\"2025-10-24T09:54:05+00:00\",\"mainEntityOfPage\":{\"@id\":\"https:\/\/earthguardian.earth\/es\/posidonia-la-pradera-submarina\/\"},\"wordCount\":805,\"publisher\":{\"@id\":\"https:\/\/earthguardian.earth\/es\/#organization\"},\"image\":{\"@id\":\"https:\/\/earthguardian.earth\/es\/posidonia-la-pradera-submarina\/#primaryimage\"},\"thumbnailUrl\":\"https:\/\/earthguardian.earth\/wp-content\/uploads\/2025\/07\/Posidonia-Titelbild.jpg\",\"keywords\":[\"acti\u00f3n clim\u00e1tica\",\"agricultura\",\"agricultura regenerativa\",\"biodiversidad\",\"cambio clim\u00e1tica\",\"carbonneutral\",\"ecosistema\",\"fijaci\u00f3n de co2\",\"francesco del orbe\",\"fresopolis\",\"granja clim\u00e1tica\",\"guardi\u00e1n de la tierra\",\"la pradera submarina\",\"microclim\u00e1tica\",\"ocean\",\"plantar\",\"posidonia\",\"protecci\u00f3n del clima\",\"sostenibilidad\",\"sostenible\",\"tierra sana\"],\"articleSection\":[\"Clima y medio ambiente\"],\"inLanguage\":\"es\"},{\"@type\":\"WebPage\",\"@id\":\"https:\/\/earthguardian.earth\/es\/posidonia-la-pradera-submarina\/\",\"url\":\"https:\/\/earthguardian.earth\/es\/posidonia-la-pradera-submarina\/\",\"name\":\"Posidonia: la pradera submarina\",\"isPartOf\":{\"@id\":\"https:\/\/earthguardian.earth\/es\/#website\"},\"primaryImageOfPage\":{\"@id\":\"https:\/\/earthguardian.earth\/es\/posidonia-la-pradera-submarina\/#primaryimage\"},\"image\":{\"@id\":\"https:\/\/earthguardian.earth\/es\/posidonia-la-pradera-submarina\/#primaryimage\"},\"thumbnailUrl\":\"https:\/\/earthguardian.earth\/wp-content\/uploads\/2025\/07\/Posidonia-Titelbild.jpg\",\"datePublished\":\"2025-07-03T11:24:03+00:00\",\"dateModified\":\"2025-10-24T09:54:05+00:00\",\"description\":\"El Mediterr\u00e1neo no solo es un destino vacacional muy popular, sino tambi\u00e9n el hogar de un ecosistema \u00fanico. Descubre c\u00f3mo la Posidonia oceanica es una aut\u00e9ntica protectora del clima.\",\"breadcrumb\":{\"@id\":\"https:\/\/earthguardian.earth\/es\/posidonia-la-pradera-submarina\/#breadcrumb\"},\"inLanguage\":\"es\",\"potentialAction\":[{\"@type\":\"ReadAction\",\"target\":[\"https:\/\/earthguardian.earth\/es\/posidonia-la-pradera-submarina\/\"]}]},{\"@type\":\"ImageObject\",\"inLanguage\":\"es\",\"@id\":\"https:\/\/earthguardian.earth\/es\/posidonia-la-pradera-submarina\/#primaryimage\",\"url\":\"https:\/\/earthguardian.earth\/wp-content\/uploads\/2025\/07\/Posidonia-Titelbild.jpg\",\"contentUrl\":\"https:\/\/earthguardian.earth\/wp-content\/uploads\/2025\/07\/Posidonia-Titelbild.jpg\",\"width\":1200,\"height\":800,\"caption\":\"Posidonia\"},{\"@type\":\"BreadcrumbList\",\"@id\":\"https:\/\/earthguardian.earth\/es\/posidonia-la-pradera-submarina\/#breadcrumb\",\"itemListElement\":[{\"@type\":\"ListItem\",\"position\":1,\"name\":\"Home\",\"item\":\"https:\/\/earthguardian.earth\/es\/\"},{\"@type\":\"ListItem\",\"position\":2,\"name\":\"Posidonia: la pradera submarina\"}]},{\"@type\":\"WebSite\",\"@id\":\"https:\/\/earthguardian.earth\/es\/#website\",\"url\":\"https:\/\/earthguardian.earth\/es\/\",\"name\":\"Earth Guardian\",\"description\":\"\",\"publisher\":{\"@id\":\"https:\/\/earthguardian.earth\/es\/#organization\"},\"potentialAction\":[{\"@type\":\"SearchAction\",\"target\":{\"@type\":\"EntryPoint\",\"urlTemplate\":\"https:\/\/earthguardian.earth\/es\/?s={search_term_string}\"},\"query-input\":{\"@type\":\"PropertyValueSpecification\",\"valueRequired\":true,\"valueName\":\"search_term_string\"}}],\"inLanguage\":\"es\"},{\"@type\":\"Organization\",\"@id\":\"https:\/\/earthguardian.earth\/es\/#organization\",\"name\":\"Earthguardian\",\"alternateName\":\"Earthguardian Earth\",\"url\":\"https:\/\/earthguardian.earth\/es\/\",\"logo\":{\"@type\":\"ImageObject\",\"inLanguage\":\"es\",\"@id\":\"https:\/\/earthguardian.earth\/es\/#\/schema\/logo\/image\/\",\"url\":\"https:\/\/earthguardian.earth\/wp-content\/uploads\/2025\/09\/Logo-stacked.svg\",\"contentUrl\":\"https:\/\/earthguardian.earth\/wp-content\/uploads\/2025\/09\/Logo-stacked.svg\",\"width\":\"1024\",\"height\":\"1024\",\"caption\":\"Earthguardian\"},\"image\":{\"@id\":\"https:\/\/earthguardian.earth\/es\/#\/schema\/logo\/image\/\"},\"sameAs\":[\"https:\/\/www.facebook.com\/Fresopolis.Mallorca\",\"https:\/\/www.instagram.com\/fresopolis.mallorca\/\",\"https:\/\/www.youtube.com\/channel\/UCu9D6GxBDXUImkm7dihPyvg\"]},{\"@type\":\"Person\",\"@id\":\"https:\/\/earthguardian.earth\/es\/#\/schema\/person\/a0a06f80af0ac1c434b44c9289f327ff\",\"name\":\"Francesco del Orbe\",\"image\":{\"@type\":\"ImageObject\",\"inLanguage\":\"es\",\"@id\":\"https:\/\/earthguardian.earth\/es\/#\/schema\/person\/image\/\",\"url\":\"https:\/\/earthguardian.earth\/wp-content\/uploads\/2025\/10\/Francesco-del-Orbe-02-150x150.png\",\"contentUrl\":\"https:\/\/earthguardian.earth\/wp-content\/uploads\/2025\/10\/Francesco-del-Orbe-02-150x150.png\",\"caption\":\"Francesco del Orbe\"},\"url\":\"https:\/\/earthguardian.earth\/es\/author\/ufdelorbe\/\"}]}<\/script>\n<!-- \/ Yoast SEO plugin. -->","yoast_head_json":{"title":"Posidonia: la pradera submarina","description":"El Mediterr\u00e1neo no solo es un destino vacacional muy popular, sino tambi\u00e9n el hogar de un ecosistema \u00fanico. Descubre c\u00f3mo la Posidonia oceanica es una aut\u00e9ntica protectora del clima.","robots":{"index":"index","follow":"follow","max-snippet":"max-snippet:-1","max-image-preview":"max-image-preview:large","max-video-preview":"max-video-preview:-1"},"canonical":"https:\/\/earthguardian.earth\/es\/posidonia-la-pradera-submarina\/","og_locale":"es_ES","og_type":"article","og_title":"Posidonia: la pradera submarina","og_description":"El Mediterr\u00e1neo no solo es un destino vacacional muy popular, sino tambi\u00e9n el hogar de un ecosistema \u00fanico. Descubre c\u00f3mo la Posidonia oceanica es una aut\u00e9ntica protectora del clima.","og_url":"https:\/\/earthguardian.earth\/es\/posidonia-la-pradera-submarina\/","og_site_name":"Earth Guardian","article_publisher":"https:\/\/www.facebook.com\/Fresopolis.Mallorca","article_published_time":"2025-07-03T11:24:03+00:00","article_modified_time":"2025-10-24T09:54:05+00:00","og_image":[{"width":1200,"height":800,"url":"https:\/\/earthguardian.earth\/wp-content\/uploads\/2025\/07\/Posidonia-Titelbild.jpg","type":"image\/jpeg"}],"author":"Francesco del Orbe","twitter_card":"summary_large_image","twitter_misc":{"Escrito por":"Francesco del Orbe","Tiempo de lectura":"4 minutos"},"schema":{"@context":"https:\/\/schema.org","@graph":[{"@type":"Article","@id":"https:\/\/earthguardian.earth\/es\/posidonia-la-pradera-submarina\/#article","isPartOf":{"@id":"https:\/\/earthguardian.earth\/es\/posidonia-la-pradera-submarina\/"},"author":{"name":"Francesco del Orbe","@id":"https:\/\/earthguardian.earth\/es\/#\/schema\/person\/a0a06f80af0ac1c434b44c9289f327ff"},"headline":"Posidonia: la pradera submarina","datePublished":"2025-07-03T11:24:03+00:00","dateModified":"2025-10-24T09:54:05+00:00","mainEntityOfPage":{"@id":"https:\/\/earthguardian.earth\/es\/posidonia-la-pradera-submarina\/"},"wordCount":805,"publisher":{"@id":"https:\/\/earthguardian.earth\/es\/#organization"},"image":{"@id":"https:\/\/earthguardian.earth\/es\/posidonia-la-pradera-submarina\/#primaryimage"},"thumbnailUrl":"https:\/\/earthguardian.earth\/wp-content\/uploads\/2025\/07\/Posidonia-Titelbild.jpg","keywords":["acti\u00f3n clim\u00e1tica","agricultura","agricultura regenerativa","biodiversidad","cambio clim\u00e1tica","carbonneutral","ecosistema","fijaci\u00f3n de co2","francesco del orbe","fresopolis","granja clim\u00e1tica","guardi\u00e1n de la tierra","la pradera submarina","microclim\u00e1tica","ocean","plantar","posidonia","protecci\u00f3n del clima","sostenibilidad","sostenible","tierra sana"],"articleSection":["Clima y medio ambiente"],"inLanguage":"es"},{"@type":"WebPage","@id":"https:\/\/earthguardian.earth\/es\/posidonia-la-pradera-submarina\/","url":"https:\/\/earthguardian.earth\/es\/posidonia-la-pradera-submarina\/","name":"Posidonia: la pradera submarina","isPartOf":{"@id":"https:\/\/earthguardian.earth\/es\/#website"},"primaryImageOfPage":{"@id":"https:\/\/earthguardian.earth\/es\/posidonia-la-pradera-submarina\/#primaryimage"},"image":{"@id":"https:\/\/earthguardian.earth\/es\/posidonia-la-pradera-submarina\/#primaryimage"},"thumbnailUrl":"https:\/\/earthguardian.earth\/wp-content\/uploads\/2025\/07\/Posidonia-Titelbild.jpg","datePublished":"2025-07-03T11:24:03+00:00","dateModified":"2025-10-24T09:54:05+00:00","description":"El Mediterr\u00e1neo no solo es un destino vacacional muy popular, sino tambi\u00e9n el hogar de un ecosistema \u00fanico. Descubre c\u00f3mo la Posidonia oceanica es una aut\u00e9ntica protectora del clima.","breadcrumb":{"@id":"https:\/\/earthguardian.earth\/es\/posidonia-la-pradera-submarina\/#breadcrumb"},"inLanguage":"es","potentialAction":[{"@type":"ReadAction","target":["https:\/\/earthguardian.earth\/es\/posidonia-la-pradera-submarina\/"]}]},{"@type":"ImageObject","inLanguage":"es","@id":"https:\/\/earthguardian.earth\/es\/posidonia-la-pradera-submarina\/#primaryimage","url":"https:\/\/earthguardian.earth\/wp-content\/uploads\/2025\/07\/Posidonia-Titelbild.jpg","contentUrl":"https:\/\/earthguardian.earth\/wp-content\/uploads\/2025\/07\/Posidonia-Titelbild.jpg","width":1200,"height":800,"caption":"Posidonia"},{"@type":"BreadcrumbList","@id":"https:\/\/earthguardian.earth\/es\/posidonia-la-pradera-submarina\/#breadcrumb","itemListElement":[{"@type":"ListItem","position":1,"name":"Home","item":"https:\/\/earthguardian.earth\/es\/"},{"@type":"ListItem","position":2,"name":"Posidonia: la pradera submarina"}]},{"@type":"WebSite","@id":"https:\/\/earthguardian.earth\/es\/#website","url":"https:\/\/earthguardian.earth\/es\/","name":"Earth Guardian","description":"","publisher":{"@id":"https:\/\/earthguardian.earth\/es\/#organization"},"potentialAction":[{"@type":"SearchAction","target":{"@type":"EntryPoint","urlTemplate":"https:\/\/earthguardian.earth\/es\/?s={search_term_string}"},"query-input":{"@type":"PropertyValueSpecification","valueRequired":true,"valueName":"search_term_string"}}],"inLanguage":"es"},{"@type":"Organization","@id":"https:\/\/earthguardian.earth\/es\/#organization","name":"Earthguardian","alternateName":"Earthguardian Earth","url":"https:\/\/earthguardian.earth\/es\/","logo":{"@type":"ImageObject","inLanguage":"es","@id":"https:\/\/earthguardian.earth\/es\/#\/schema\/logo\/image\/","url":"https:\/\/earthguardian.earth\/wp-content\/uploads\/2025\/09\/Logo-stacked.svg","contentUrl":"https:\/\/earthguardian.earth\/wp-content\/uploads\/2025\/09\/Logo-stacked.svg","width":"1024","height":"1024","caption":"Earthguardian"},"image":{"@id":"https:\/\/earthguardian.earth\/es\/#\/schema\/logo\/image\/"},"sameAs":["https:\/\/www.facebook.com\/Fresopolis.Mallorca","https:\/\/www.instagram.com\/fresopolis.mallorca\/","https:\/\/www.youtube.com\/channel\/UCu9D6GxBDXUImkm7dihPyvg"]},{"@type":"Person","@id":"https:\/\/earthguardian.earth\/es\/#\/schema\/person\/a0a06f80af0ac1c434b44c9289f327ff","name":"Francesco del Orbe","image":{"@type":"ImageObject","inLanguage":"es","@id":"https:\/\/earthguardian.earth\/es\/#\/schema\/person\/image\/","url":"https:\/\/earthguardian.earth\/wp-content\/uploads\/2025\/10\/Francesco-del-Orbe-02-150x150.png","contentUrl":"https:\/\/earthguardian.earth\/wp-content\/uploads\/2025\/10\/Francesco-del-Orbe-02-150x150.png","caption":"Francesco del Orbe"},"url":"https:\/\/earthguardian.earth\/es\/author\/ufdelorbe\/"}]}},"_links":{"self":[{"href":"https:\/\/earthguardian.earth\/es\/wp-json\/wp\/v2\/posts\/23228","targetHints":{"allow":["GET"]}}],"collection":[{"href":"https:\/\/earthguardian.earth\/es\/wp-json\/wp\/v2\/posts"}],"about":[{"href":"https:\/\/earthguardian.earth\/es\/wp-json\/wp\/v2\/types\/post"}],"author":[{"embeddable":true,"href":"https:\/\/earthguardian.earth\/es\/wp-json\/wp\/v2\/users\/54"}],"replies":[{"embeddable":true,"href":"https:\/\/earthguardian.earth\/es\/wp-json\/wp\/v2\/comments?post=23228"}],"version-history":[{"count":3,"href":"https:\/\/earthguardian.earth\/es\/wp-json\/wp\/v2\/posts\/23228\/revisions"}],"predecessor-version":[{"id":25803,"href":"https:\/\/earthguardian.earth\/es\/wp-json\/wp\/v2\/posts\/23228\/revisions\/25803"}],"wp:featuredmedia":[{"embeddable":true,"href":"https:\/\/earthguardian.earth\/es\/wp-json\/wp\/v2\/media\/23217"}],"wp:attachment":[{"href":"https:\/\/earthguardian.earth\/es\/wp-json\/wp\/v2\/media?parent=23228"}],"wp:term":[{"taxonomy":"category","embeddable":true,"href":"https:\/\/earthguardian.earth\/es\/wp-json\/wp\/v2\/categories?post=23228"},{"taxonomy":"post_tag","embeddable":true,"href":"https:\/\/earthguardian.earth\/es\/wp-json\/wp\/v2\/tags?post=23228"}],"curies":[{"name":"wp","href":"https:\/\/api.w.org\/{rel}","templated":true}]}}