{"id":23206,"date":"2025-07-03T12:13:47","date_gmt":"2025-07-03T10:13:47","guid":{"rendered":"http:\/\/earthguardian.earth\/?p=23206"},"modified":"2025-10-24T11:45:58","modified_gmt":"2025-10-24T09:45:58","slug":"co%c2%b2-en-el-suelo","status":"publish","type":"post","link":"https:\/\/earthguardian.earth\/es\/co%c2%b2-en-el-suelo\/","title":{"rendered":"CO\u00b2 en el suelo"},"content":{"rendered":"<h1>-\u00bfc\u00f3mo funciona y por qu\u00e9 es importante?<\/h1>\n<h2>\u00bfQu\u00e9 es el CO\u2082 y c\u00f3mo llega al suelo?<\/h2>\n<p>El CO\u2082 (di\u00f3xido de carbono) es un gas presente en el aire. Las plantas absorben CO\u2082 de la atm\u00f3sfera y, con la ayuda de la luz solar y el agua, lo utilizan para formar sus hojas, tallos y ra\u00edces. Parte de este carbono llega al suelo a trav\u00e9s de las ra\u00edces y de los restos de plantas muertas.<\/p>\n<h3>\u00bfC\u00f3mo almacena el suelo el carbono?<\/h3>\n<ul>\n<li>Fotos\u00edntesis: Las plantas absorben CO\u2082 y lo convierten en materia org\u00e1nica.<\/li>\n<li>Ra\u00edces y restos vegetales: Cuando las plantas crecen, mueren o desprenden ra\u00edces, el carbono pasa al suelo.<\/li>\n<li>Organismos del suelo: Microbios, hongos y lombrices descomponen estos restos. Parte del carbono se libera nuevamente como CO\u2082, y otra parte queda almacenada en el suelo como humus.<\/li>\n<li>Humus y materia org\u00e1nica: La fracci\u00f3n estable del carbono puede permanecer en el suelo durante a\u00f1os o siglos; a esto se le llama almacenamiento de carbono o secuestro de carbono.<\/li>\n<\/ul>\n<p><img loading=\"lazy\" decoding=\"async\" class=\"myresponsive aligncenter wp-image-23197 size-full\" title=\"CO2 Speichersystem\" src=\"https:\/\/earthguardian.earth\/wp-content\/uploads\/2025\/07\/CO2-Speichersystem-ES-1.jpg\" alt=\"CO2 Speichersystem\" width=\"1200\" height=\"800\" \/><\/p>\n<h3>\u00bfCu\u00e1nto carbono hay en el suelo?<\/h3>\n<p>A nivel mundial, los suelos almacenan aproximadamente 1.500 mil millones de toneladas de carbono, \u00a1m\u00e1s que la atm\u00f3sfera y todas las plantas juntas!<br \/>\nAs\u00ed, el suelo es el segundo mayor almac\u00e9n de carbono del planeta, despu\u00e9s de los oc\u00e9anos.<\/p>\n<h2>\u00bfPor qu\u00e9 es importante para el clima?<\/h2>\n<p>El CO\u2082 es un gas de efecto invernadero: Cuanto m\u00e1s CO\u2082 hay en el aire, m\u00e1s c\u00e1lido se vuelve el planeta.<br \/>\nSuelos como \u201csumidero de CO\u2082\u201d: Cuando los suelos almacenan mucho carbono, queda menos CO\u2082 en la atm\u00f3sfera, lo que ayuda a frenar el cambio clim\u00e1tico.<\/p>\n<p>Pero: Si los suelos se alteran (por ejemplo, mediante el arado, la deforestaci\u00f3n o el drenaje de humedales), el carbono almacenado se libera nuevamente como CO\u2082 y pasa a la atm\u00f3sfera, acelerando el cambio clim\u00e1tico.<\/p>\n<h3>\u00bfC\u00f3mo podemos almacenar m\u00e1s CO\u2082 en el suelo?<\/h3>\n<p><strong>Buenas pr\u00e1cticas:<\/strong><\/p>\n<ul>\n<li>Arar poco o nada: As\u00ed el carbono permanece en el suelo.<\/li>\n<li>Mantener el suelo siempre cubierto: Con plantas, mantillo o cultivos de cobertura\u2014protege contra la erosi\u00f3n y mantiene el suelo vivo.<\/li>\n<li>Cultivar diversas especies vegetales: Diferentes plantas favorecen la vida del suelo y el almacenamiento de carbono.<\/li>\n<li>Usar compost y abonos org\u00e1nicos: Aportan nuevo carbono al suelo y fortalecen los organismos del suelo.<\/li>\n<li>Plantar \u00e1rboles y arbustos: Almacenan mucho carbono y protegen el suelo.<\/li>\n<\/ul>\n<p><strong>Malas pr\u00e1cticas (\u00a1evitar!):<\/strong><\/p>\n<ul>\n<li>Arar o remover la tierra con frecuencia<\/li>\n<li>Monocultivos sin rotaci\u00f3n de cultivos<\/li>\n<li>Suelos desnudos y sin cobertura<\/li>\n<li>Uso excesivo de fertilizantes y pesticidas sint\u00e9ticos<\/li>\n<\/ul>\n<p><img loading=\"lazy\" decoding=\"async\" class=\"myresponsive aligncenter wp-image-23200 size-full\" title=\"Feld mit Traktor\" src=\"https:\/\/earthguardian.earth\/wp-content\/uploads\/2025\/07\/Feld-mit-Traktor.jpg\" alt=\"Feld mit Traktor\" width=\"1200\" height=\"800\" srcset=\"https:\/\/earthguardian.earth\/wp-content\/uploads\/2025\/07\/Feld-mit-Traktor.jpg 1200w, https:\/\/earthguardian.earth\/wp-content\/uploads\/2025\/07\/Feld-mit-Traktor-300x200.jpg 300w, https:\/\/earthguardian.earth\/wp-content\/uploads\/2025\/07\/Feld-mit-Traktor-1024x683.jpg 1024w, https:\/\/earthguardian.earth\/wp-content\/uploads\/2025\/07\/Feld-mit-Traktor-200x133.jpg 200w, https:\/\/earthguardian.earth\/wp-content\/uploads\/2025\/07\/Feld-mit-Traktor-600x400.jpg 600w\" sizes=\"auto, (max-width: 1200px) 100vw, 1200px\" \/><\/p>\n<h2>\u00bfQu\u00e9 pasa si no tenemos cuidado?<\/h2>\n<ul>\n<li>Los suelos pierden carbono: Por la agricultura intensiva, la deforestaci\u00f3n y el mal manejo, los suelos del mundo ya han perdido entre el 50 y el 70% de su carbono original.<\/li>\n<li>El cambio clim\u00e1tico se acelera: Esta p\u00e9rdida de carbono ha causado aproximadamente una cuarta parte de todas las emisiones de gases de efecto invernadero provocadas por el ser humano.<\/li>\n<li>Los suelos se vuelven inf\u00e9rtiles: Sin humus, las plantas crecen peor y el suelo es m\u00e1s vulnerable a la erosi\u00f3n y las inundaciones.<\/li>\n<\/ul>\n<h3>Resumen<\/h3>\n<p>Los suelos son grandes almacenes de CO\u2082 y ayudan a proteger el clima.<br \/>\nCon un buen manejo, podemos almacenar m\u00e1s CO\u2082 en el suelo.<br \/>\nSi tratamos mal los suelos, se pierde mucho CO\u2082 y el cambio clim\u00e1tico empeora.<br \/>\n\u00a1Todos podemos ayudar: en el jard\u00edn, en el campo o con un consumo consciente!<\/p>\n<h3>Recuerda:<\/h3>\n<p>\u00a1Los suelos sanos son clave en la lucha contra el cambio clim\u00e1tico: almacenan carbono, protegen el clima y garantizan campos f\u00e9rtiles!<\/p>\n<p>&nbsp;<\/p>\n<p>El autor: Francesco del Orbe<\/p>\n","protected":false},"excerpt":{"rendered":"<p>-\u00bfc\u00f3mo funciona y por qu\u00e9 es importante? \u00bfQu\u00e9 es el CO\u2082 y c\u00f3mo llega al suelo? El CO\u2082 (di\u00f3xido de carbono) es un gas presente en el aire. Las plantas absorben CO\u2082 de la atm\u00f3sfera y, con la ayuda de la luz solar y el agua, lo utilizan para formar sus hojas, tallos y ra\u00edces&#8230;.<\/p>\n","protected":false},"author":54,"featured_media":23184,"comment_status":"closed","ping_status":"closed","sticky":false,"template":"","format":"standard","meta":{"_acf_changed":false,"inline_featured_image":false,"footnotes":""},"categories":[183,186,617,198,627],"tags":[292,303,312,299,301,291,302,298,290,288,311,293,300,306,305,213,304,297],"class_list":["post-23206","post","type-post","status-publish","format-standard","has-post-thumbnail","hentry","category-agricultura","category-clima-y-medio-ambiente","category-europa-y-el-mundo","category-guardian-de-la-tierra","category-verificacion-de-datos","tag-action-climatica","tag-agricultura","tag-agricultura-regenerativa","tag-biodiversidad","tag-cambio-climatica","tag-carbonneutral-es","tag-ecosistema","tag-fijacion-de-co2","tag-francesco-del-orbe-es","tag-fresopolis-es","tag-granja-climatica-es","tag-guardian-de-la-tierra","tag-microclimatica","tag-plantar","tag-proteccion-del-clima","tag-sostenibilidad","tag-sostenible-es","tag-tierra-sana"],"acf":[],"yoast_head":"<!-- This site is optimized with the Yoast SEO plugin v26.3 - https:\/\/yoast.com\/wordpress\/plugins\/seo\/ -->\n<title>CO\u00b2 en el suelo<\/title>\n<meta name=\"description\" content=\"CO\u2082 (Kohlendioxid) ist ein Gas, das in der Luft vorkommt. Erfahren Sie mehr \u00fcber seine Bedeutung f\u00fcr Pflanzen und die Umwelt.\" \/>\n<meta name=\"robots\" content=\"index, follow, max-snippet:-1, max-image-preview:large, max-video-preview:-1\" \/>\n<link rel=\"canonical\" href=\"https:\/\/earthguardian.earth\/es\/co%c2%b2-en-el-suelo\/\" \/>\n<meta property=\"og:locale\" content=\"es_ES\" \/>\n<meta property=\"og:type\" content=\"article\" \/>\n<meta property=\"og:title\" content=\"CO\u00b2 en el suelo\" \/>\n<meta property=\"og:description\" content=\"CO\u2082 (Kohlendioxid) ist ein Gas, das in der Luft vorkommt. Erfahren Sie mehr \u00fcber seine Bedeutung f\u00fcr Pflanzen und die Umwelt.\" \/>\n<meta property=\"og:url\" content=\"https:\/\/earthguardian.earth\/es\/co%c2%b2-en-el-suelo\/\" \/>\n<meta property=\"og:site_name\" content=\"Earth Guardian\" \/>\n<meta property=\"article:publisher\" content=\"https:\/\/www.facebook.com\/Fresopolis.Mallorca\" \/>\n<meta property=\"article:published_time\" content=\"2025-07-03T10:13:47+00:00\" \/>\n<meta property=\"article:modified_time\" content=\"2025-10-24T09:45:58+00:00\" \/>\n<meta property=\"og:image\" content=\"https:\/\/earthguardian.earth\/wp-content\/uploads\/2025\/07\/Titelbild-CO2-im-Boden.jpg\" \/>\n\t<meta property=\"og:image:width\" content=\"1200\" \/>\n\t<meta property=\"og:image:height\" content=\"800\" \/>\n\t<meta property=\"og:image:type\" content=\"image\/jpeg\" \/>\n<meta name=\"author\" content=\"Francesco del Orbe\" \/>\n<meta name=\"twitter:card\" content=\"summary_large_image\" \/>\n<meta name=\"twitter:label1\" content=\"Escrito por\" \/>\n\t<meta name=\"twitter:data1\" content=\"Francesco del Orbe\" \/>\n\t<meta name=\"twitter:label2\" content=\"Tiempo de lectura\" \/>\n\t<meta name=\"twitter:data2\" content=\"3 minutos\" \/>\n<script type=\"application\/ld+json\" class=\"yoast-schema-graph\">{\"@context\":\"https:\/\/schema.org\",\"@graph\":[{\"@type\":\"Article\",\"@id\":\"https:\/\/earthguardian.earth\/es\/co%c2%b2-en-el-suelo\/#article\",\"isPartOf\":{\"@id\":\"https:\/\/earthguardian.earth\/es\/co%c2%b2-en-el-suelo\/\"},\"author\":{\"name\":\"Francesco del Orbe\",\"@id\":\"https:\/\/earthguardian.earth\/es\/#\/schema\/person\/a0a06f80af0ac1c434b44c9289f327ff\"},\"headline\":\"CO\u00b2 en el suelo\",\"datePublished\":\"2025-07-03T10:13:47+00:00\",\"dateModified\":\"2025-10-24T09:45:58+00:00\",\"mainEntityOfPage\":{\"@id\":\"https:\/\/earthguardian.earth\/es\/co%c2%b2-en-el-suelo\/\"},\"wordCount\":631,\"publisher\":{\"@id\":\"https:\/\/earthguardian.earth\/es\/#organization\"},\"image\":{\"@id\":\"https:\/\/earthguardian.earth\/es\/co%c2%b2-en-el-suelo\/#primaryimage\"},\"thumbnailUrl\":\"https:\/\/earthguardian.earth\/wp-content\/uploads\/2025\/07\/Titelbild-CO2-im-Boden.jpg\",\"keywords\":[\"acti\u00f3n clim\u00e1tica\",\"agricultura\",\"agricultura regenerativa\",\"biodiversidad\",\"cambio clim\u00e1tica\",\"carbonneutral\",\"ecosistema\",\"fijaci\u00f3n de co2\",\"francesco del orbe\",\"fresopolis\",\"granja clim\u00e1tica\",\"guardi\u00e1n de la tierra\",\"microclim\u00e1tica\",\"plantar\",\"protecci\u00f3n del clima\",\"sostenibilidad\",\"sostenible\",\"tierra sana\"],\"articleSection\":[\"Agricultura\",\"Clima y medio ambiente\",\"Europa y el mundo\",\"Guardi\u00e1n de la Tierra\",\"Verificaci\u00f3n de datos\"],\"inLanguage\":\"es\"},{\"@type\":\"WebPage\",\"@id\":\"https:\/\/earthguardian.earth\/es\/co%c2%b2-en-el-suelo\/\",\"url\":\"https:\/\/earthguardian.earth\/es\/co%c2%b2-en-el-suelo\/\",\"name\":\"CO\u00b2 en el suelo\",\"isPartOf\":{\"@id\":\"https:\/\/earthguardian.earth\/es\/#website\"},\"primaryImageOfPage\":{\"@id\":\"https:\/\/earthguardian.earth\/es\/co%c2%b2-en-el-suelo\/#primaryimage\"},\"image\":{\"@id\":\"https:\/\/earthguardian.earth\/es\/co%c2%b2-en-el-suelo\/#primaryimage\"},\"thumbnailUrl\":\"https:\/\/earthguardian.earth\/wp-content\/uploads\/2025\/07\/Titelbild-CO2-im-Boden.jpg\",\"datePublished\":\"2025-07-03T10:13:47+00:00\",\"dateModified\":\"2025-10-24T09:45:58+00:00\",\"description\":\"CO\u2082 (Kohlendioxid) ist ein Gas, das in der Luft vorkommt. Erfahren Sie mehr \u00fcber seine Bedeutung f\u00fcr Pflanzen und die Umwelt.\",\"breadcrumb\":{\"@id\":\"https:\/\/earthguardian.earth\/es\/co%c2%b2-en-el-suelo\/#breadcrumb\"},\"inLanguage\":\"es\",\"potentialAction\":[{\"@type\":\"ReadAction\",\"target\":[\"https:\/\/earthguardian.earth\/es\/co%c2%b2-en-el-suelo\/\"]}]},{\"@type\":\"ImageObject\",\"inLanguage\":\"es\",\"@id\":\"https:\/\/earthguardian.earth\/es\/co%c2%b2-en-el-suelo\/#primaryimage\",\"url\":\"https:\/\/earthguardian.earth\/wp-content\/uploads\/2025\/07\/Titelbild-CO2-im-Boden.jpg\",\"contentUrl\":\"https:\/\/earthguardian.earth\/wp-content\/uploads\/2025\/07\/Titelbild-CO2-im-Boden.jpg\",\"width\":1200,\"height\":800,\"caption\":\"CO2 im Boden\"},{\"@type\":\"BreadcrumbList\",\"@id\":\"https:\/\/earthguardian.earth\/es\/co%c2%b2-en-el-suelo\/#breadcrumb\",\"itemListElement\":[{\"@type\":\"ListItem\",\"position\":1,\"name\":\"Home\",\"item\":\"https:\/\/earthguardian.earth\/es\/\"},{\"@type\":\"ListItem\",\"position\":2,\"name\":\"CO\u00b2 en el suelo\"}]},{\"@type\":\"WebSite\",\"@id\":\"https:\/\/earthguardian.earth\/es\/#website\",\"url\":\"https:\/\/earthguardian.earth\/es\/\",\"name\":\"Earth Guardian\",\"description\":\"\",\"publisher\":{\"@id\":\"https:\/\/earthguardian.earth\/es\/#organization\"},\"potentialAction\":[{\"@type\":\"SearchAction\",\"target\":{\"@type\":\"EntryPoint\",\"urlTemplate\":\"https:\/\/earthguardian.earth\/es\/?s={search_term_string}\"},\"query-input\":{\"@type\":\"PropertyValueSpecification\",\"valueRequired\":true,\"valueName\":\"search_term_string\"}}],\"inLanguage\":\"es\"},{\"@type\":\"Organization\",\"@id\":\"https:\/\/earthguardian.earth\/es\/#organization\",\"name\":\"Earthguardian\",\"alternateName\":\"Earthguardian Earth\",\"url\":\"https:\/\/earthguardian.earth\/es\/\",\"logo\":{\"@type\":\"ImageObject\",\"inLanguage\":\"es\",\"@id\":\"https:\/\/earthguardian.earth\/es\/#\/schema\/logo\/image\/\",\"url\":\"https:\/\/earthguardian.earth\/wp-content\/uploads\/2025\/09\/Logo-stacked.svg\",\"contentUrl\":\"https:\/\/earthguardian.earth\/wp-content\/uploads\/2025\/09\/Logo-stacked.svg\",\"width\":\"1024\",\"height\":\"1024\",\"caption\":\"Earthguardian\"},\"image\":{\"@id\":\"https:\/\/earthguardian.earth\/es\/#\/schema\/logo\/image\/\"},\"sameAs\":[\"https:\/\/www.facebook.com\/Fresopolis.Mallorca\",\"https:\/\/www.instagram.com\/fresopolis.mallorca\/\",\"https:\/\/www.youtube.com\/channel\/UCu9D6GxBDXUImkm7dihPyvg\"]},{\"@type\":\"Person\",\"@id\":\"https:\/\/earthguardian.earth\/es\/#\/schema\/person\/a0a06f80af0ac1c434b44c9289f327ff\",\"name\":\"Francesco del Orbe\",\"image\":{\"@type\":\"ImageObject\",\"inLanguage\":\"es\",\"@id\":\"https:\/\/earthguardian.earth\/es\/#\/schema\/person\/image\/\",\"url\":\"https:\/\/earthguardian.earth\/wp-content\/uploads\/2025\/10\/Francesco-del-Orbe-02-150x150.png\",\"contentUrl\":\"https:\/\/earthguardian.earth\/wp-content\/uploads\/2025\/10\/Francesco-del-Orbe-02-150x150.png\",\"caption\":\"Francesco del Orbe\"},\"url\":\"https:\/\/earthguardian.earth\/es\/author\/ufdelorbe\/\"}]}<\/script>\n<!-- \/ Yoast SEO plugin. -->","yoast_head_json":{"title":"CO\u00b2 en el suelo","description":"CO\u2082 (Kohlendioxid) ist ein Gas, das in der Luft vorkommt. Erfahren Sie mehr \u00fcber seine Bedeutung f\u00fcr Pflanzen und die Umwelt.","robots":{"index":"index","follow":"follow","max-snippet":"max-snippet:-1","max-image-preview":"max-image-preview:large","max-video-preview":"max-video-preview:-1"},"canonical":"https:\/\/earthguardian.earth\/es\/co%c2%b2-en-el-suelo\/","og_locale":"es_ES","og_type":"article","og_title":"CO\u00b2 en el suelo","og_description":"CO\u2082 (Kohlendioxid) ist ein Gas, das in der Luft vorkommt. Erfahren Sie mehr \u00fcber seine Bedeutung f\u00fcr Pflanzen und die Umwelt.","og_url":"https:\/\/earthguardian.earth\/es\/co%c2%b2-en-el-suelo\/","og_site_name":"Earth Guardian","article_publisher":"https:\/\/www.facebook.com\/Fresopolis.Mallorca","article_published_time":"2025-07-03T10:13:47+00:00","article_modified_time":"2025-10-24T09:45:58+00:00","og_image":[{"width":1200,"height":800,"url":"https:\/\/earthguardian.earth\/wp-content\/uploads\/2025\/07\/Titelbild-CO2-im-Boden.jpg","type":"image\/jpeg"}],"author":"Francesco del Orbe","twitter_card":"summary_large_image","twitter_misc":{"Escrito por":"Francesco del Orbe","Tiempo de lectura":"3 minutos"},"schema":{"@context":"https:\/\/schema.org","@graph":[{"@type":"Article","@id":"https:\/\/earthguardian.earth\/es\/co%c2%b2-en-el-suelo\/#article","isPartOf":{"@id":"https:\/\/earthguardian.earth\/es\/co%c2%b2-en-el-suelo\/"},"author":{"name":"Francesco del Orbe","@id":"https:\/\/earthguardian.earth\/es\/#\/schema\/person\/a0a06f80af0ac1c434b44c9289f327ff"},"headline":"CO\u00b2 en el suelo","datePublished":"2025-07-03T10:13:47+00:00","dateModified":"2025-10-24T09:45:58+00:00","mainEntityOfPage":{"@id":"https:\/\/earthguardian.earth\/es\/co%c2%b2-en-el-suelo\/"},"wordCount":631,"publisher":{"@id":"https:\/\/earthguardian.earth\/es\/#organization"},"image":{"@id":"https:\/\/earthguardian.earth\/es\/co%c2%b2-en-el-suelo\/#primaryimage"},"thumbnailUrl":"https:\/\/earthguardian.earth\/wp-content\/uploads\/2025\/07\/Titelbild-CO2-im-Boden.jpg","keywords":["acti\u00f3n clim\u00e1tica","agricultura","agricultura regenerativa","biodiversidad","cambio clim\u00e1tica","carbonneutral","ecosistema","fijaci\u00f3n de co2","francesco del orbe","fresopolis","granja clim\u00e1tica","guardi\u00e1n de la tierra","microclim\u00e1tica","plantar","protecci\u00f3n del clima","sostenibilidad","sostenible","tierra sana"],"articleSection":["Agricultura","Clima y medio ambiente","Europa y el mundo","Guardi\u00e1n de la Tierra","Verificaci\u00f3n de datos"],"inLanguage":"es"},{"@type":"WebPage","@id":"https:\/\/earthguardian.earth\/es\/co%c2%b2-en-el-suelo\/","url":"https:\/\/earthguardian.earth\/es\/co%c2%b2-en-el-suelo\/","name":"CO\u00b2 en el suelo","isPartOf":{"@id":"https:\/\/earthguardian.earth\/es\/#website"},"primaryImageOfPage":{"@id":"https:\/\/earthguardian.earth\/es\/co%c2%b2-en-el-suelo\/#primaryimage"},"image":{"@id":"https:\/\/earthguardian.earth\/es\/co%c2%b2-en-el-suelo\/#primaryimage"},"thumbnailUrl":"https:\/\/earthguardian.earth\/wp-content\/uploads\/2025\/07\/Titelbild-CO2-im-Boden.jpg","datePublished":"2025-07-03T10:13:47+00:00","dateModified":"2025-10-24T09:45:58+00:00","description":"CO\u2082 (Kohlendioxid) ist ein Gas, das in der Luft vorkommt. Erfahren Sie mehr \u00fcber seine Bedeutung f\u00fcr Pflanzen und die Umwelt.","breadcrumb":{"@id":"https:\/\/earthguardian.earth\/es\/co%c2%b2-en-el-suelo\/#breadcrumb"},"inLanguage":"es","potentialAction":[{"@type":"ReadAction","target":["https:\/\/earthguardian.earth\/es\/co%c2%b2-en-el-suelo\/"]}]},{"@type":"ImageObject","inLanguage":"es","@id":"https:\/\/earthguardian.earth\/es\/co%c2%b2-en-el-suelo\/#primaryimage","url":"https:\/\/earthguardian.earth\/wp-content\/uploads\/2025\/07\/Titelbild-CO2-im-Boden.jpg","contentUrl":"https:\/\/earthguardian.earth\/wp-content\/uploads\/2025\/07\/Titelbild-CO2-im-Boden.jpg","width":1200,"height":800,"caption":"CO2 im Boden"},{"@type":"BreadcrumbList","@id":"https:\/\/earthguardian.earth\/es\/co%c2%b2-en-el-suelo\/#breadcrumb","itemListElement":[{"@type":"ListItem","position":1,"name":"Home","item":"https:\/\/earthguardian.earth\/es\/"},{"@type":"ListItem","position":2,"name":"CO\u00b2 en el suelo"}]},{"@type":"WebSite","@id":"https:\/\/earthguardian.earth\/es\/#website","url":"https:\/\/earthguardian.earth\/es\/","name":"Earth Guardian","description":"","publisher":{"@id":"https:\/\/earthguardian.earth\/es\/#organization"},"potentialAction":[{"@type":"SearchAction","target":{"@type":"EntryPoint","urlTemplate":"https:\/\/earthguardian.earth\/es\/?s={search_term_string}"},"query-input":{"@type":"PropertyValueSpecification","valueRequired":true,"valueName":"search_term_string"}}],"inLanguage":"es"},{"@type":"Organization","@id":"https:\/\/earthguardian.earth\/es\/#organization","name":"Earthguardian","alternateName":"Earthguardian Earth","url":"https:\/\/earthguardian.earth\/es\/","logo":{"@type":"ImageObject","inLanguage":"es","@id":"https:\/\/earthguardian.earth\/es\/#\/schema\/logo\/image\/","url":"https:\/\/earthguardian.earth\/wp-content\/uploads\/2025\/09\/Logo-stacked.svg","contentUrl":"https:\/\/earthguardian.earth\/wp-content\/uploads\/2025\/09\/Logo-stacked.svg","width":"1024","height":"1024","caption":"Earthguardian"},"image":{"@id":"https:\/\/earthguardian.earth\/es\/#\/schema\/logo\/image\/"},"sameAs":["https:\/\/www.facebook.com\/Fresopolis.Mallorca","https:\/\/www.instagram.com\/fresopolis.mallorca\/","https:\/\/www.youtube.com\/channel\/UCu9D6GxBDXUImkm7dihPyvg"]},{"@type":"Person","@id":"https:\/\/earthguardian.earth\/es\/#\/schema\/person\/a0a06f80af0ac1c434b44c9289f327ff","name":"Francesco del Orbe","image":{"@type":"ImageObject","inLanguage":"es","@id":"https:\/\/earthguardian.earth\/es\/#\/schema\/person\/image\/","url":"https:\/\/earthguardian.earth\/wp-content\/uploads\/2025\/10\/Francesco-del-Orbe-02-150x150.png","contentUrl":"https:\/\/earthguardian.earth\/wp-content\/uploads\/2025\/10\/Francesco-del-Orbe-02-150x150.png","caption":"Francesco del Orbe"},"url":"https:\/\/earthguardian.earth\/es\/author\/ufdelorbe\/"}]}},"_links":{"self":[{"href":"https:\/\/earthguardian.earth\/es\/wp-json\/wp\/v2\/posts\/23206","targetHints":{"allow":["GET"]}}],"collection":[{"href":"https:\/\/earthguardian.earth\/es\/wp-json\/wp\/v2\/posts"}],"about":[{"href":"https:\/\/earthguardian.earth\/es\/wp-json\/wp\/v2\/types\/post"}],"author":[{"embeddable":true,"href":"https:\/\/earthguardian.earth\/es\/wp-json\/wp\/v2\/users\/54"}],"replies":[{"embeddable":true,"href":"https:\/\/earthguardian.earth\/es\/wp-json\/wp\/v2\/comments?post=23206"}],"version-history":[{"count":3,"href":"https:\/\/earthguardian.earth\/es\/wp-json\/wp\/v2\/posts\/23206\/revisions"}],"predecessor-version":[{"id":25799,"href":"https:\/\/earthguardian.earth\/es\/wp-json\/wp\/v2\/posts\/23206\/revisions\/25799"}],"wp:featuredmedia":[{"embeddable":true,"href":"https:\/\/earthguardian.earth\/es\/wp-json\/wp\/v2\/media\/23184"}],"wp:attachment":[{"href":"https:\/\/earthguardian.earth\/es\/wp-json\/wp\/v2\/media?parent=23206"}],"wp:term":[{"taxonomy":"category","embeddable":true,"href":"https:\/\/earthguardian.earth\/es\/wp-json\/wp\/v2\/categories?post=23206"},{"taxonomy":"post_tag","embeddable":true,"href":"https:\/\/earthguardian.earth\/es\/wp-json\/wp\/v2\/tags?post=23206"}],"curies":[{"name":"wp","href":"https:\/\/api.w.org\/{rel}","templated":true}]}}