{"id":22945,"date":"2025-06-19T12:20:56","date_gmt":"2025-06-19T10:20:56","guid":{"rendered":"http:\/\/earthguardian.earth\/?p=22945"},"modified":"2025-10-24T08:49:40","modified_gmt":"2025-10-24T06:49:40","slug":"la-importancia-de-la-agroforesteria","status":"publish","type":"post","link":"https:\/\/earthguardian.earth\/es\/la-importancia-de-la-agroforesteria\/","title":{"rendered":"La importancia de la agroforester\u00eda"},"content":{"rendered":"<h1>De la inspiraci\u00f3n a la implementaci\u00f3n<\/h1>\n<p>A trav\u00e9s de nuestras investigaciones sobre agricultura regenerativa, hemos encontrado algo extraordinario: la agroforester\u00eda en Grand Farm, un modelo para una agricultura sostenible.<\/p>\n<h2>\u00bfPor qu\u00e9 agroforester\u00eda? Una cuesti\u00f3n de viabilidad para el futuro<\/h2>\n<p>Cada a\u00f1o, se pierden en promedio 5,6 toneladas de suelo f\u00e9rtil por hect\u00e1rea en los campos de cultivo debido a la erosi\u00f3n causada por el agua y el viento. La capa superior del suelo, que es lo que hace que nuestra tierra sea tan valiosa, es arrastrada por lluvias intensas y el viento. Esto es un verdadero problema, ya que sin esta capa, la fertilidad natural del suelo disminuye dr\u00e1sticamente. Los expertos advierten: muchas tierras cultivables podr\u00edan dejar de ser productivas en pocas d\u00e9cadas y no producir\u00edan suficientes alimentos.<\/p>\n<p>La soluci\u00f3n: devolver \u00e1rboles y arbustos a los campos<br \/>\nGrand Farm apuesta por una soluci\u00f3n tanto tradicional como innovadora: los sistemas agroforestales. Se plantan setos, \u00e1rboles y arbustos de forma estrat\u00e9gica dentro y alrededor de los campos. Este principio proviene de nuestros antepasados, que rodeaban sus campos con setos para proteger el suelo de la erosi\u00f3n y fomentar la biodiversidad.<\/p>\n<h3>\u00bfC\u00f3mo se implementa la agroforester\u00eda en la pr\u00e1ctica en Grand Farm?<\/h3>\n<p>Plantaci\u00f3n de setos como cortavientos naturales: Se establecen setos de especies aut\u00f3ctonas como franjas cortavientos. Reducen significativamente la velocidad del viento y, por tanto, la erosi\u00f3n del suelo.<\/p>\n<p>Fomento de la biodiversidad: Los setos ofrecen refugio y alimento a numerosos animales, contribuyendo al equilibrio natural entre plagas y organismos beneficiosos.<br \/>\nGesti\u00f3n del agua: Los setos disminuyen la evaporaci\u00f3n en las zonas adyacentes. Adem\u00e1s, aumenta la formaci\u00f3n de roc\u00edo alrededor de los setos, aportando m\u00e1s agua a la zona.<br \/>\nBeneficio econ\u00f3mico: Los setos est\u00e1n formados principalmente por especies aut\u00f3ctonas que, en el futuro, pueden aprovecharse econ\u00f3micamente, por ejemplo, mediante la recolecci\u00f3n selectiva de madera.<br \/>\nInvestigaci\u00f3n y monitoreo: Grand Farm colabora con diferentes socios para investigar a largo plazo los efectos de los sistemas agroforestales en la humedad del suelo, la biodiversidad y el microclima.<\/p>\n<p><img loading=\"lazy\" decoding=\"async\" class=\"myresponsive aligncenter wp-image-22910 size-full\" title=\"Hecken als Windbremse\" src=\"https:\/\/earthguardian.earth\/wp-content\/uploads\/2025\/06\/Agroforstfeld-ES.jpg\" alt=\"Hecken als Windbremse\" width=\"1200\" height=\"800\" \/><\/p>\n<h2>\u00bfPor qu\u00e9 es tan importante el cambio hacia la agroforester\u00eda?<\/h2>\n<p>La agricultura convencional ha llegado a sus l\u00edmites. Las consecuencias: erosi\u00f3n del suelo, disminuci\u00f3n de la fertilidad, escasez de agua y reducci\u00f3n de la biodiversidad. Los sistemas agroforestales ofrecen m\u00faltiples ventajas:<br \/>\nProtecci\u00f3n del suelo y contra la erosi\u00f3n: Las ra\u00edces de \u00e1rboles y arbustos estabilizan el suelo.<br \/>\nAumento de la fertilidad del suelo: La ca\u00edda de hojas y las exudaciones de las ra\u00edces enriquecen el suelo con nutrientes.<br \/>\nRetenci\u00f3n y calidad del agua: Los \u00e1rboles retienen el agua en el suelo y mejoran su calidad.<br \/>\nProtecci\u00f3n clim\u00e1tica: Los sistemas agroforestales almacenan grandes cantidades de CO\u2082 en la madera y el suelo.<br \/>\nBiodiversidad: Aumenta significativamente la variedad de plantas y animales.<br \/>\nVentajas econ\u00f3micas: Adem\u00e1s de los rendimientos tradicionales, los sistemas agroforestales ofrecen fuentes de ingresos adicionales.<br \/>\nAdaptaci\u00f3n al cambio clim\u00e1tico: Estos sistemas son m\u00e1s resistentes a fen\u00f3menos meteorol\u00f3gicos extremos.<\/p>\n<h2>Fresopolis ya implementa con \u00e9xito la agroforester\u00eda<\/h2>\n<p>Fresopolis ya implementa con \u00e9xito la agroforester\u00eda<br \/>\nEl 50% de nuestra tierra ya estaba muerta y era inutilizable para la agricultura.<br \/>\nEn Fresopolis estamos entusiasmados con el enfoque y el compromiso de Grand Farm y nos dejamos inspirar por ellos. Desde 2024, implementamos sistemas <a href=\"https:\/\/www.fresopolis-mallorca.com\/es\/nuestra-agroforesteria\/\" target=\"_blank\" rel=\"noopener\">agroforestales<\/a> en nuestras tierras: el a\u00f1o pasado plantamos un total de 2.500 \u00e1rboles, dando un paso importante hacia una agricultura sostenible.<br \/>\nAs\u00ed, las zonas antes inutilizables vuelven a ser una parte importante del ecosistema.<\/p>\n<p><img loading=\"lazy\" decoding=\"async\" class=\"myresponsive aligncenter wp-image-22916 size-full\" title=\"Fresopolis Feld\" src=\"https:\/\/earthguardian.earth\/wp-content\/uploads\/2025\/06\/Paulownia.jpg\" alt=\"Fresopolis Feld\" width=\"1200\" height=\"800\" \/><\/p>\n<h3>Nuestra motivaci\u00f3n:<\/h3>\n<p>Nos alegra ver que en terrenos antes sin uso vuelve a surgir vida. Los \u00e1rboles capturan grandes cantidades de CO\u2082 y contribuyen activamente a la protecci\u00f3n del clima. Al mismo tiempo, fomentamos la biodiversidad y creamos nuevos h\u00e1bitats para insectos, aves y peque\u00f1os mam\u00edferos.<\/p>\n<p>Perspectiva:<br \/>\nA partir del pr\u00f3ximo a\u00f1o, comenzaremos en estos terrenos la primera prueba de cultivo de forraje para animales. As\u00ed probaremos c\u00f3mo se pueden combinar los sistemas agroforestales con la producci\u00f3n de forraje de alta calidad, una forma m\u00e1s de trabajar de manera sostenible y rentable al mismo tiempo.<\/p>\n<p>Conclusi\u00f3n: La agroforester\u00eda es la agricultura del futuro<br \/>\nEl enfoque de Grand Farm demuestra c\u00f3mo la agricultura puede volver a ser sostenible y preparada para el futuro. En Fresopolis tambi\u00e9n estamos convencidos: la agroforester\u00eda no es un lujo, sino una necesidad, para un futuro habitable sobre suelos f\u00e9rtiles.<\/p>\n<p>&nbsp;<\/p>\n<p>El autor: Francesco del Orbe<\/p>\n","protected":false},"excerpt":{"rendered":"<p>De la inspiraci\u00f3n a la implementaci\u00f3n A trav\u00e9s de nuestras investigaciones sobre agricultura regenerativa, hemos encontrado algo extraordinario: la agroforester\u00eda en Grand Farm, un modelo para una agricultura sostenible. \u00bfPor qu\u00e9 agroforester\u00eda? Una cuesti\u00f3n de viabilidad para el futuro Cada a\u00f1o, se pierden en promedio 5,6 toneladas de suelo f\u00e9rtil por hect\u00e1rea en los campos&#8230;<\/p>\n","protected":false},"author":54,"featured_media":22942,"comment_status":"closed","ping_status":"closed","sticky":false,"template":"","format":"standard","meta":{"_acf_changed":false,"inline_featured_image":false,"footnotes":""},"categories":[183,615],"tags":[292,303,294,299,301,291,295,302,298,290,288,289,293,300,306,305,296,304,297],"class_list":["post-22945","post","type-post","status-publish","format-standard","has-post-thumbnail","hentry","category-agricultura","category-bosques-y-arboles","tag-action-climatica","tag-agricultura","tag-agroforesty-es","tag-biodiversidad","tag-cambio-climatica","tag-carbonneutral-es","tag-cultura-regenerativa","tag-ecosistema","tag-fijacion-de-co2","tag-francesco-del-orbe-es","tag-fresopolis-es","tag-granja-climatica","tag-guardian-de-la-tierra","tag-microclimatica","tag-plantar","tag-proteccion-del-clima","tag-regeneracion","tag-sostenible-es","tag-tierra-sana"],"acf":[],"yoast_head":"<!-- This site is optimized with the Yoast SEO plugin v26.3 - https:\/\/yoast.com\/wordpress\/plugins\/seo\/ -->\n<title>La importancia de la agroforester\u00eda<\/title>\n<meta name=\"description\" content=\"\u00bfPor qu\u00e9 la agrosilvicultura? Una cuesti\u00f3n de viabilidad futura. La agrosilvicultura como medio importante de una agrocultura regeneradora\" \/>\n<meta name=\"robots\" content=\"index, follow, max-snippet:-1, max-image-preview:large, max-video-preview:-1\" \/>\n<link rel=\"canonical\" href=\"https:\/\/earthguardian.earth\/es\/la-importancia-de-la-agroforesteria\/\" \/>\n<meta property=\"og:locale\" content=\"es_ES\" \/>\n<meta property=\"og:type\" content=\"article\" \/>\n<meta property=\"og:title\" content=\"La importancia de la agroforester\u00eda\" \/>\n<meta property=\"og:description\" content=\"\u00bfPor qu\u00e9 la agrosilvicultura? Una cuesti\u00f3n de viabilidad futura. La agrosilvicultura como medio importante de una agrocultura regeneradora\" \/>\n<meta property=\"og:url\" content=\"https:\/\/earthguardian.earth\/es\/la-importancia-de-la-agroforesteria\/\" \/>\n<meta property=\"og:site_name\" content=\"Earth Guardian\" \/>\n<meta property=\"article:publisher\" content=\"https:\/\/www.facebook.com\/Fresopolis.Mallorca\" \/>\n<meta property=\"article:published_time\" content=\"2025-06-19T10:20:56+00:00\" \/>\n<meta property=\"article:modified_time\" content=\"2025-10-24T06:49:40+00:00\" \/>\n<meta property=\"og:image\" content=\"https:\/\/earthguardian.earth\/wp-content\/uploads\/2025\/06\/Agroforst-Feld-1.jpg\" \/>\n\t<meta property=\"og:image:width\" content=\"1200\" \/>\n\t<meta property=\"og:image:height\" content=\"800\" \/>\n\t<meta property=\"og:image:type\" content=\"image\/jpeg\" \/>\n<meta name=\"author\" content=\"Francesco del Orbe\" \/>\n<meta name=\"twitter:card\" content=\"summary_large_image\" \/>\n<meta name=\"twitter:label1\" content=\"Escrito por\" \/>\n\t<meta name=\"twitter:data1\" content=\"Francesco del Orbe\" \/>\n\t<meta name=\"twitter:label2\" content=\"Tiempo de lectura\" \/>\n\t<meta name=\"twitter:data2\" content=\"4 minutos\" \/>\n<script type=\"application\/ld+json\" class=\"yoast-schema-graph\">{\"@context\":\"https:\/\/schema.org\",\"@graph\":[{\"@type\":\"Article\",\"@id\":\"https:\/\/earthguardian.earth\/es\/la-importancia-de-la-agroforesteria\/#article\",\"isPartOf\":{\"@id\":\"https:\/\/earthguardian.earth\/es\/la-importancia-de-la-agroforesteria\/\"},\"author\":{\"name\":\"Francesco del Orbe\",\"@id\":\"https:\/\/earthguardian.earth\/es\/#\/schema\/person\/a0a06f80af0ac1c434b44c9289f327ff\"},\"headline\":\"La importancia de la agroforester\u00eda\",\"datePublished\":\"2025-06-19T10:20:56+00:00\",\"dateModified\":\"2025-10-24T06:49:40+00:00\",\"mainEntityOfPage\":{\"@id\":\"https:\/\/earthguardian.earth\/es\/la-importancia-de-la-agroforesteria\/\"},\"wordCount\":792,\"publisher\":{\"@id\":\"https:\/\/earthguardian.earth\/es\/#organization\"},\"image\":{\"@id\":\"https:\/\/earthguardian.earth\/es\/la-importancia-de-la-agroforesteria\/#primaryimage\"},\"thumbnailUrl\":\"https:\/\/earthguardian.earth\/wp-content\/uploads\/2025\/06\/Agroforst-Feld-1.jpg\",\"keywords\":[\"acti\u00f3n clim\u00e1tica\",\"agricultura\",\"agroforesty\",\"biodiversidad\",\"cambio clim\u00e1tica\",\"carbonneutral\",\"cultura regenerativa\",\"ecosistema\",\"fijaci\u00f3n de co2\",\"francesco del orbe\",\"fresopolis\",\"granja clim\u00e1tica\",\"guardi\u00e1n de la tierra\",\"microclim\u00e1tica\",\"plantar\",\"protecci\u00f3n del clima\",\"regeneraci\u00f3n\",\"sostenible\",\"tierra sana\"],\"articleSection\":[\"Agricultura\",\"Bosques &amp; \u00e1rboles\"],\"inLanguage\":\"es\"},{\"@type\":\"WebPage\",\"@id\":\"https:\/\/earthguardian.earth\/es\/la-importancia-de-la-agroforesteria\/\",\"url\":\"https:\/\/earthguardian.earth\/es\/la-importancia-de-la-agroforesteria\/\",\"name\":\"La importancia de la agroforester\u00eda\",\"isPartOf\":{\"@id\":\"https:\/\/earthguardian.earth\/es\/#website\"},\"primaryImageOfPage\":{\"@id\":\"https:\/\/earthguardian.earth\/es\/la-importancia-de-la-agroforesteria\/#primaryimage\"},\"image\":{\"@id\":\"https:\/\/earthguardian.earth\/es\/la-importancia-de-la-agroforesteria\/#primaryimage\"},\"thumbnailUrl\":\"https:\/\/earthguardian.earth\/wp-content\/uploads\/2025\/06\/Agroforst-Feld-1.jpg\",\"datePublished\":\"2025-06-19T10:20:56+00:00\",\"dateModified\":\"2025-10-24T06:49:40+00:00\",\"description\":\"\u00bfPor qu\u00e9 la agrosilvicultura? Una cuesti\u00f3n de viabilidad futura. La agrosilvicultura como medio importante de una agrocultura regeneradora\",\"breadcrumb\":{\"@id\":\"https:\/\/earthguardian.earth\/es\/la-importancia-de-la-agroforesteria\/#breadcrumb\"},\"inLanguage\":\"es\",\"potentialAction\":[{\"@type\":\"ReadAction\",\"target\":[\"https:\/\/earthguardian.earth\/es\/la-importancia-de-la-agroforesteria\/\"]}]},{\"@type\":\"ImageObject\",\"inLanguage\":\"es\",\"@id\":\"https:\/\/earthguardian.earth\/es\/la-importancia-de-la-agroforesteria\/#primaryimage\",\"url\":\"https:\/\/earthguardian.earth\/wp-content\/uploads\/2025\/06\/Agroforst-Feld-1.jpg\",\"contentUrl\":\"https:\/\/earthguardian.earth\/wp-content\/uploads\/2025\/06\/Agroforst-Feld-1.jpg\",\"width\":1200,\"height\":800,\"caption\":\"Agroforst Feld\"},{\"@type\":\"BreadcrumbList\",\"@id\":\"https:\/\/earthguardian.earth\/es\/la-importancia-de-la-agroforesteria\/#breadcrumb\",\"itemListElement\":[{\"@type\":\"ListItem\",\"position\":1,\"name\":\"Home\",\"item\":\"https:\/\/earthguardian.earth\/es\/\"},{\"@type\":\"ListItem\",\"position\":2,\"name\":\"La importancia de la agroforester\u00eda\"}]},{\"@type\":\"WebSite\",\"@id\":\"https:\/\/earthguardian.earth\/es\/#website\",\"url\":\"https:\/\/earthguardian.earth\/es\/\",\"name\":\"Earth Guardian\",\"description\":\"\",\"publisher\":{\"@id\":\"https:\/\/earthguardian.earth\/es\/#organization\"},\"potentialAction\":[{\"@type\":\"SearchAction\",\"target\":{\"@type\":\"EntryPoint\",\"urlTemplate\":\"https:\/\/earthguardian.earth\/es\/?s={search_term_string}\"},\"query-input\":{\"@type\":\"PropertyValueSpecification\",\"valueRequired\":true,\"valueName\":\"search_term_string\"}}],\"inLanguage\":\"es\"},{\"@type\":\"Organization\",\"@id\":\"https:\/\/earthguardian.earth\/es\/#organization\",\"name\":\"Earthguardian\",\"alternateName\":\"Earthguardian Earth\",\"url\":\"https:\/\/earthguardian.earth\/es\/\",\"logo\":{\"@type\":\"ImageObject\",\"inLanguage\":\"es\",\"@id\":\"https:\/\/earthguardian.earth\/es\/#\/schema\/logo\/image\/\",\"url\":\"https:\/\/earthguardian.earth\/wp-content\/uploads\/2025\/09\/Logo-stacked.svg\",\"contentUrl\":\"https:\/\/earthguardian.earth\/wp-content\/uploads\/2025\/09\/Logo-stacked.svg\",\"width\":\"1024\",\"height\":\"1024\",\"caption\":\"Earthguardian\"},\"image\":{\"@id\":\"https:\/\/earthguardian.earth\/es\/#\/schema\/logo\/image\/\"},\"sameAs\":[\"https:\/\/www.facebook.com\/Fresopolis.Mallorca\",\"https:\/\/www.instagram.com\/fresopolis.mallorca\/\",\"https:\/\/www.youtube.com\/channel\/UCu9D6GxBDXUImkm7dihPyvg\"]},{\"@type\":\"Person\",\"@id\":\"https:\/\/earthguardian.earth\/es\/#\/schema\/person\/a0a06f80af0ac1c434b44c9289f327ff\",\"name\":\"Francesco del Orbe\",\"image\":{\"@type\":\"ImageObject\",\"inLanguage\":\"es\",\"@id\":\"https:\/\/earthguardian.earth\/es\/#\/schema\/person\/image\/\",\"url\":\"https:\/\/earthguardian.earth\/wp-content\/uploads\/2025\/10\/Francesco-del-Orbe-02-150x150.png\",\"contentUrl\":\"https:\/\/earthguardian.earth\/wp-content\/uploads\/2025\/10\/Francesco-del-Orbe-02-150x150.png\",\"caption\":\"Francesco del Orbe\"},\"url\":\"https:\/\/earthguardian.earth\/es\/author\/ufdelorbe\/\"}]}<\/script>\n<!-- \/ Yoast SEO plugin. -->","yoast_head_json":{"title":"La importancia de la agroforester\u00eda","description":"\u00bfPor qu\u00e9 la agrosilvicultura? Una cuesti\u00f3n de viabilidad futura. La agrosilvicultura como medio importante de una agrocultura regeneradora","robots":{"index":"index","follow":"follow","max-snippet":"max-snippet:-1","max-image-preview":"max-image-preview:large","max-video-preview":"max-video-preview:-1"},"canonical":"https:\/\/earthguardian.earth\/es\/la-importancia-de-la-agroforesteria\/","og_locale":"es_ES","og_type":"article","og_title":"La importancia de la agroforester\u00eda","og_description":"\u00bfPor qu\u00e9 la agrosilvicultura? Una cuesti\u00f3n de viabilidad futura. La agrosilvicultura como medio importante de una agrocultura regeneradora","og_url":"https:\/\/earthguardian.earth\/es\/la-importancia-de-la-agroforesteria\/","og_site_name":"Earth Guardian","article_publisher":"https:\/\/www.facebook.com\/Fresopolis.Mallorca","article_published_time":"2025-06-19T10:20:56+00:00","article_modified_time":"2025-10-24T06:49:40+00:00","og_image":[{"width":1200,"height":800,"url":"https:\/\/earthguardian.earth\/wp-content\/uploads\/2025\/06\/Agroforst-Feld-1.jpg","type":"image\/jpeg"}],"author":"Francesco del Orbe","twitter_card":"summary_large_image","twitter_misc":{"Escrito por":"Francesco del Orbe","Tiempo de lectura":"4 minutos"},"schema":{"@context":"https:\/\/schema.org","@graph":[{"@type":"Article","@id":"https:\/\/earthguardian.earth\/es\/la-importancia-de-la-agroforesteria\/#article","isPartOf":{"@id":"https:\/\/earthguardian.earth\/es\/la-importancia-de-la-agroforesteria\/"},"author":{"name":"Francesco del Orbe","@id":"https:\/\/earthguardian.earth\/es\/#\/schema\/person\/a0a06f80af0ac1c434b44c9289f327ff"},"headline":"La importancia de la agroforester\u00eda","datePublished":"2025-06-19T10:20:56+00:00","dateModified":"2025-10-24T06:49:40+00:00","mainEntityOfPage":{"@id":"https:\/\/earthguardian.earth\/es\/la-importancia-de-la-agroforesteria\/"},"wordCount":792,"publisher":{"@id":"https:\/\/earthguardian.earth\/es\/#organization"},"image":{"@id":"https:\/\/earthguardian.earth\/es\/la-importancia-de-la-agroforesteria\/#primaryimage"},"thumbnailUrl":"https:\/\/earthguardian.earth\/wp-content\/uploads\/2025\/06\/Agroforst-Feld-1.jpg","keywords":["acti\u00f3n clim\u00e1tica","agricultura","agroforesty","biodiversidad","cambio clim\u00e1tica","carbonneutral","cultura regenerativa","ecosistema","fijaci\u00f3n de co2","francesco del orbe","fresopolis","granja clim\u00e1tica","guardi\u00e1n de la tierra","microclim\u00e1tica","plantar","protecci\u00f3n del clima","regeneraci\u00f3n","sostenible","tierra sana"],"articleSection":["Agricultura","Bosques &amp; \u00e1rboles"],"inLanguage":"es"},{"@type":"WebPage","@id":"https:\/\/earthguardian.earth\/es\/la-importancia-de-la-agroforesteria\/","url":"https:\/\/earthguardian.earth\/es\/la-importancia-de-la-agroforesteria\/","name":"La importancia de la agroforester\u00eda","isPartOf":{"@id":"https:\/\/earthguardian.earth\/es\/#website"},"primaryImageOfPage":{"@id":"https:\/\/earthguardian.earth\/es\/la-importancia-de-la-agroforesteria\/#primaryimage"},"image":{"@id":"https:\/\/earthguardian.earth\/es\/la-importancia-de-la-agroforesteria\/#primaryimage"},"thumbnailUrl":"https:\/\/earthguardian.earth\/wp-content\/uploads\/2025\/06\/Agroforst-Feld-1.jpg","datePublished":"2025-06-19T10:20:56+00:00","dateModified":"2025-10-24T06:49:40+00:00","description":"\u00bfPor qu\u00e9 la agrosilvicultura? Una cuesti\u00f3n de viabilidad futura. La agrosilvicultura como medio importante de una agrocultura regeneradora","breadcrumb":{"@id":"https:\/\/earthguardian.earth\/es\/la-importancia-de-la-agroforesteria\/#breadcrumb"},"inLanguage":"es","potentialAction":[{"@type":"ReadAction","target":["https:\/\/earthguardian.earth\/es\/la-importancia-de-la-agroforesteria\/"]}]},{"@type":"ImageObject","inLanguage":"es","@id":"https:\/\/earthguardian.earth\/es\/la-importancia-de-la-agroforesteria\/#primaryimage","url":"https:\/\/earthguardian.earth\/wp-content\/uploads\/2025\/06\/Agroforst-Feld-1.jpg","contentUrl":"https:\/\/earthguardian.earth\/wp-content\/uploads\/2025\/06\/Agroforst-Feld-1.jpg","width":1200,"height":800,"caption":"Agroforst Feld"},{"@type":"BreadcrumbList","@id":"https:\/\/earthguardian.earth\/es\/la-importancia-de-la-agroforesteria\/#breadcrumb","itemListElement":[{"@type":"ListItem","position":1,"name":"Home","item":"https:\/\/earthguardian.earth\/es\/"},{"@type":"ListItem","position":2,"name":"La importancia de la agroforester\u00eda"}]},{"@type":"WebSite","@id":"https:\/\/earthguardian.earth\/es\/#website","url":"https:\/\/earthguardian.earth\/es\/","name":"Earth Guardian","description":"","publisher":{"@id":"https:\/\/earthguardian.earth\/es\/#organization"},"potentialAction":[{"@type":"SearchAction","target":{"@type":"EntryPoint","urlTemplate":"https:\/\/earthguardian.earth\/es\/?s={search_term_string}"},"query-input":{"@type":"PropertyValueSpecification","valueRequired":true,"valueName":"search_term_string"}}],"inLanguage":"es"},{"@type":"Organization","@id":"https:\/\/earthguardian.earth\/es\/#organization","name":"Earthguardian","alternateName":"Earthguardian Earth","url":"https:\/\/earthguardian.earth\/es\/","logo":{"@type":"ImageObject","inLanguage":"es","@id":"https:\/\/earthguardian.earth\/es\/#\/schema\/logo\/image\/","url":"https:\/\/earthguardian.earth\/wp-content\/uploads\/2025\/09\/Logo-stacked.svg","contentUrl":"https:\/\/earthguardian.earth\/wp-content\/uploads\/2025\/09\/Logo-stacked.svg","width":"1024","height":"1024","caption":"Earthguardian"},"image":{"@id":"https:\/\/earthguardian.earth\/es\/#\/schema\/logo\/image\/"},"sameAs":["https:\/\/www.facebook.com\/Fresopolis.Mallorca","https:\/\/www.instagram.com\/fresopolis.mallorca\/","https:\/\/www.youtube.com\/channel\/UCu9D6GxBDXUImkm7dihPyvg"]},{"@type":"Person","@id":"https:\/\/earthguardian.earth\/es\/#\/schema\/person\/a0a06f80af0ac1c434b44c9289f327ff","name":"Francesco del Orbe","image":{"@type":"ImageObject","inLanguage":"es","@id":"https:\/\/earthguardian.earth\/es\/#\/schema\/person\/image\/","url":"https:\/\/earthguardian.earth\/wp-content\/uploads\/2025\/10\/Francesco-del-Orbe-02-150x150.png","contentUrl":"https:\/\/earthguardian.earth\/wp-content\/uploads\/2025\/10\/Francesco-del-Orbe-02-150x150.png","caption":"Francesco del Orbe"},"url":"https:\/\/earthguardian.earth\/es\/author\/ufdelorbe\/"}]}},"_links":{"self":[{"href":"https:\/\/earthguardian.earth\/es\/wp-json\/wp\/v2\/posts\/22945","targetHints":{"allow":["GET"]}}],"collection":[{"href":"https:\/\/earthguardian.earth\/es\/wp-json\/wp\/v2\/posts"}],"about":[{"href":"https:\/\/earthguardian.earth\/es\/wp-json\/wp\/v2\/types\/post"}],"author":[{"embeddable":true,"href":"https:\/\/earthguardian.earth\/es\/wp-json\/wp\/v2\/users\/54"}],"replies":[{"embeddable":true,"href":"https:\/\/earthguardian.earth\/es\/wp-json\/wp\/v2\/comments?post=22945"}],"version-history":[{"count":3,"href":"https:\/\/earthguardian.earth\/es\/wp-json\/wp\/v2\/posts\/22945\/revisions"}],"predecessor-version":[{"id":25764,"href":"https:\/\/earthguardian.earth\/es\/wp-json\/wp\/v2\/posts\/22945\/revisions\/25764"}],"wp:featuredmedia":[{"embeddable":true,"href":"https:\/\/earthguardian.earth\/es\/wp-json\/wp\/v2\/media\/22942"}],"wp:attachment":[{"href":"https:\/\/earthguardian.earth\/es\/wp-json\/wp\/v2\/media?parent=22945"}],"wp:term":[{"taxonomy":"category","embeddable":true,"href":"https:\/\/earthguardian.earth\/es\/wp-json\/wp\/v2\/categories?post=22945"},{"taxonomy":"post_tag","embeddable":true,"href":"https:\/\/earthguardian.earth\/es\/wp-json\/wp\/v2\/tags?post=22945"}],"curies":[{"name":"wp","href":"https:\/\/api.w.org\/{rel}","templated":true}]}}